{"id":392606,"date":"2026-09-04T16:28:22","date_gmt":"2026-09-04T23:28:22","guid":{"rendered":"https:\/\/universalchurchusa.org\/es\/?p=392606"},"modified":"2026-09-04T16:28:22","modified_gmt":"2026-09-04T23:28:22","slug":"conexion-teen","status":"publish","type":"post","link":"http:\/\/universalchurchusa.org\/es\/noticias-de-la-iglesia\/post\/conexion-teen\/","title":{"rendered":"Conexi\u00f3n Teen"},"content":{"rendered":"<h1 style=\"text-align: center;\"><span style=\"color: #333399;\">\u00bfC\u00f3mo estamos conectados con nuestra fe?<\/span><\/h1>\n<p>La fe b\u00edblica tiene su orden y, cuanto m\u00e1s la entendemos, m\u00e1s nos ayuda. La palabra \u201crelaci\u00f3n\u201d se define generalmente como la conexi\u00f3n entre una cosa y otra.<\/p>\n<p>Si hablamos de la relaci\u00f3n que uno debe tener con Dios, se puede definir como la conexi\u00f3n, comuni\u00f3n, confianza, respeto y convivencia que uno ha desarrollado con \u00c9l. En otras palabras, uno tiene que conocerlo bien para poder estar verdaderamente conectado con \u00c9l.<\/p>\n<p>Por eso, el Se\u00f1or Jes\u00fas dijo as\u00ed: <span style=\"color: #333399;\"><strong><em>\u201cAmar\u00e1s al Se\u00f1or tu Dios con todo tu coraz\u00f3n, y con toda tu alma, y con toda tu mente. Este es el grande y el primer mandamiento. Y el segundo es semejante a este: Amar\u00e1s a tu pr\u00f3jimo como a ti mismo\u201d<\/em><\/strong><\/span> (Mateo 22:37-39).<\/p>\n<p style=\"text-align: center;\">Este es el orden: <span style=\"color: #333399;\"><strong>DIOS \u2192 YO \u2192 EL PR\u00d3JIMO<img loading=\"lazy\" decoding=\"async\" class=\"aligncenter wp-image-392614 size-full\" src=\"http:\/\/universalchurchusa.org\/es\/wp-content\/uploads\/sites\/6\/2026\/09\/6-2.jpg\" alt=\"\" width=\"1920\" height=\"1080\" srcset=\"https:\/\/universalchurchusa.org\/es\/wp-content\/uploads\/sites\/6\/2026\/09\/6-2.jpg 1920w, https:\/\/universalchurchusa.org\/es\/wp-content\/uploads\/sites\/6\/2026\/09\/6-2-300x169.jpg 300w, https:\/\/universalchurchusa.org\/es\/wp-content\/uploads\/sites\/6\/2026\/09\/6-2-1024x576.jpg 1024w, https:\/\/universalchurchusa.org\/es\/wp-content\/uploads\/sites\/6\/2026\/09\/6-2-768x432.jpg 768w, https:\/\/universalchurchusa.org\/es\/wp-content\/uploads\/sites\/6\/2026\/09\/6-2-1536x864.jpg 1536w, https:\/\/universalchurchusa.org\/es\/wp-content\/uploads\/sites\/6\/2026\/09\/6-2-318x179.jpg 318w\" sizes=\"auto, (max-width: 1920px) 100vw, 1920px\" \/><\/strong><\/span><\/p>\n<p>Dios es perfecto. Pero si uno no logra relacionarse bien con \u00c9l, f\u00e1cilmente puede confundirse cuando trata de relacionarse con otras personas que tal vez no tengan la misma fe.<\/p>\n<p>Preg\u00fantese: \u00bfC\u00f3mo podr\u00e9 relacionarme bien con personas que tambi\u00e9n tienen defectos y piensan diferente?<\/p>\n<p style=\"text-align: center;\"><span style=\"color: #333399;\"><strong>Primero, nuestra relaci\u00f3n con Dios<\/strong><\/span><\/p>\n<p>Aqu\u00ed es cuando uno se hace la pregunta: <span style=\"color: #333399;\"><strong>\u00bfc\u00f3mo se construye una verdadera relaci\u00f3n con Dios?<\/strong><\/span><\/p>\n<p>Por medio de Su Palabra.<\/p>\n<p>Cuando estamos dispuestos a conocer lo que Dios nos ense\u00f1a por medio de Su Palabra, podemos ponerlo en pr\u00e1ctica y comenzar a caminar de acuerdo con Su voluntad. Esto tambi\u00e9n nos da la seguridad de confiar en Su justicia.<img loading=\"lazy\" decoding=\"async\" class=\"aligncenter wp-image-392619 size-full\" src=\"http:\/\/universalchurchusa.org\/es\/wp-content\/uploads\/sites\/6\/2026\/09\/11-1.jpg\" alt=\"\" width=\"1920\" height=\"1080\" srcset=\"https:\/\/universalchurchusa.org\/es\/wp-content\/uploads\/sites\/6\/2026\/09\/11-1.jpg 1920w, https:\/\/universalchurchusa.org\/es\/wp-content\/uploads\/sites\/6\/2026\/09\/11-1-300x169.jpg 300w, https:\/\/universalchurchusa.org\/es\/wp-content\/uploads\/sites\/6\/2026\/09\/11-1-1024x576.jpg 1024w, https:\/\/universalchurchusa.org\/es\/wp-content\/uploads\/sites\/6\/2026\/09\/11-1-768x432.jpg 768w, https:\/\/universalchurchusa.org\/es\/wp-content\/uploads\/sites\/6\/2026\/09\/11-1-1536x864.jpg 1536w, https:\/\/universalchurchusa.org\/es\/wp-content\/uploads\/sites\/6\/2026\/09\/11-1-318x179.jpg 318w\" sizes=\"auto, (max-width: 1920px) 100vw, 1920px\" \/><\/p>\n<p>Cuando uno conoce lo que es correcto, sabe que no tiene que hacer el mal. Eso incluye los momentos en que estamos rodeados de personas que no tienen la misma fe.<\/p>\n<p>Conocer Su Palabra nos mantiene reflexionando sobre esta pregunta: <span style=\"color: #333399;\"><strong>\u00bfEstoy haciendo lo correcto delante de Dios?<\/strong><\/span><\/p>\n<p>Cuando uno no est\u00e1 bien con Dios, dif\u00edcilmente tiene paz. Pero cuando est\u00e1 bien con \u00c9l y tiene como base la Biblia, puede enfrentar la vida como venga, porque siempre podr\u00e1 regresar a esa base.<img loading=\"lazy\" decoding=\"async\" class=\"aligncenter wp-image-392615 size-full\" src=\"http:\/\/universalchurchusa.org\/es\/wp-content\/uploads\/sites\/6\/2026\/09\/7-1.jpg\" alt=\"\" width=\"1920\" height=\"1080\" srcset=\"https:\/\/universalchurchusa.org\/es\/wp-content\/uploads\/sites\/6\/2026\/09\/7-1.jpg 1920w, https:\/\/universalchurchusa.org\/es\/wp-content\/uploads\/sites\/6\/2026\/09\/7-1-300x169.jpg 300w, https:\/\/universalchurchusa.org\/es\/wp-content\/uploads\/sites\/6\/2026\/09\/7-1-1024x576.jpg 1024w, https:\/\/universalchurchusa.org\/es\/wp-content\/uploads\/sites\/6\/2026\/09\/7-1-768x432.jpg 768w, https:\/\/universalchurchusa.org\/es\/wp-content\/uploads\/sites\/6\/2026\/09\/7-1-1536x864.jpg 1536w, https:\/\/universalchurchusa.org\/es\/wp-content\/uploads\/sites\/6\/2026\/09\/7-1-318x179.jpg 318w\" sizes=\"auto, (max-width: 1920px) 100vw, 1920px\" \/><\/p>\n<p>Solo despu\u00e9s de tener esta relaci\u00f3n con \u00c9l, uno puede aprender a convivir con los dem\u00e1s y tambi\u00e9n hablarles de la fe. La fe es certeza, no confusi\u00f3n ni duda.<\/p>\n<p>Si podemos mantener este orden en nuestra fe, no habr\u00e1 ninguna dificultad que no podamos enfrentar.<\/p>\n<p>Fue esta fe la que inspir\u00f3 el evento <span style=\"color: #333399;\"><em><strong>Conexi\u00f3n Teen<\/strong><\/em><\/span>, donde se les dio la oportunidad a los j\u00f3venes de reflexionar sobre la manera en que estaban conectados con su fe.<img loading=\"lazy\" decoding=\"async\" class=\"aligncenter wp-image-392612 size-full\" src=\"http:\/\/universalchurchusa.org\/es\/wp-content\/uploads\/sites\/6\/2026\/09\/4-2.jpg\" alt=\"\" width=\"1920\" height=\"1080\" srcset=\"https:\/\/universalchurchusa.org\/es\/wp-content\/uploads\/sites\/6\/2026\/09\/4-2.jpg 1920w, https:\/\/universalchurchusa.org\/es\/wp-content\/uploads\/sites\/6\/2026\/09\/4-2-300x169.jpg 300w, https:\/\/universalchurchusa.org\/es\/wp-content\/uploads\/sites\/6\/2026\/09\/4-2-1024x576.jpg 1024w, https:\/\/universalchurchusa.org\/es\/wp-content\/uploads\/sites\/6\/2026\/09\/4-2-768x432.jpg 768w, https:\/\/universalchurchusa.org\/es\/wp-content\/uploads\/sites\/6\/2026\/09\/4-2-1536x864.jpg 1536w, https:\/\/universalchurchusa.org\/es\/wp-content\/uploads\/sites\/6\/2026\/09\/4-2-318x179.jpg 318w\" sizes=\"auto, (max-width: 1920px) 100vw, 1920px\" \/><\/p>\n<p>Durante el evento, tambi\u00e9n se realiz\u00f3 un convivio de todas las naciones, donde se comparti\u00f3 comida de diferentes partes del mundo.<\/p>\n<p>Fue una gran bendici\u00f3n y los esperamos en la pr\u00f3xima edici\u00f3n.<\/p>\n<h1 style=\"text-align: center;\"><span style=\"color: #333399;\"><strong>\u00bfLe gustar\u00eda saber m\u00e1s sobre el TPG?<\/strong><\/span><\/h1>\n<p style=\"text-align: center;\">Vis\u00edtenos en:\u00a0<span style=\"color: #333399;\"><a style=\"color: #333399;\" href=\"https:\/\/universalchurchusa.org\/es\/direcciones\/\"><em><strong>625 S Bonnie Brae St, Los \u00c1ngeles, CA 90057<\/strong><\/em><\/a><\/span><\/p>\n<p style=\"text-align: center;\">O en la Universal m\u00e1s cercana a usted.<\/p>\n<p style=\"text-align: center;\">Ll\u00e1menos al:\u00a0<span style=\"color: #333399;\"><em><strong>(800) 581-4141<\/strong><\/em><\/span><\/p>\n<p style=\"text-align: center;\">Y si quiere mantenerse al tanto de todo lo que realiza el TPG en la uni\u00f3n estadounidense, acomp\u00e1\u00f1enos a trav\u00e9s de nuestras plataformas oficiales:<\/p>\n<h1 style=\"text-align: center;\"><strong>Facebook:<span style=\"color: #333399;\">\u00a0<a style=\"color: #333399;\" href=\"https:\/\/www.facebook.com\/TeenPowerGroup\">TPG FB<\/a><\/span><\/strong><\/h1>\n<h1 style=\"text-align: center;\"><strong>Instagram:\u00a0<span style=\"color: #333399;\"><a style=\"color: #333399;\" href=\"https:\/\/www.instagram.com\/teenpowergroup_officialusa?igsh=MWQ1ZGUxMzBkMA==\">TPG IG<\/a><\/span><\/strong><\/h1>\n","protected":false},"excerpt":{"rendered":"<p>\u00bfC\u00f3mo estamos conectados con nuestra fe? La fe b\u00edblica tiene su orden y, cuanto m\u00e1s la entendemos, m\u00e1s nos ayuda. La palabra \u201crelaci\u00f3n\u201d se define generalmente como la conexi\u00f3n entre una cosa y otra. Si hablamos de la relaci\u00f3n que uno debe tener con Dios, se puede definir como la conexi\u00f3n, comuni\u00f3n, confianza, respeto y [&hellip;]<\/p>\n","protected":false},"author":291,"featured_media":392607,"comment_status":"closed","ping_status":"open","sticky":false,"template":"","format":"standard","meta":{"footnotes":""},"categories":[28846,1],"tags":[],"site":[18871],"class_list":["post-392606","post","type-post","status-publish","format-standard","has-post-thumbnail","hentry","category-proyecto-social","category-sin-categoria","site-noticias-de-la-iglesia"],"amp_enabled":true,"_links":{"self":[{"href":"https:\/\/universalchurchusa.org\/es\/wp-json\/wp\/v2\/posts\/392606","targetHints":{"allow":["GET"]}}],"collection":[{"href":"https:\/\/universalchurchusa.org\/es\/wp-json\/wp\/v2\/posts"}],"about":[{"href":"https:\/\/universalchurchusa.org\/es\/wp-json\/wp\/v2\/types\/post"}],"author":[{"embeddable":true,"href":"https:\/\/universalchurchusa.org\/es\/wp-json\/wp\/v2\/users\/291"}],"replies":[{"embeddable":true,"href":"https:\/\/universalchurchusa.org\/es\/wp-json\/wp\/v2\/comments?post=392606"}],"version-history":[{"count":7,"href":"https:\/\/universalchurchusa.org\/es\/wp-json\/wp\/v2\/posts\/392606\/revisions"}],"predecessor-version":[{"id":392643,"href":"https:\/\/universalchurchusa.org\/es\/wp-json\/wp\/v2\/posts\/392606\/revisions\/392643"}],"wp:featuredmedia":[{"embeddable":true,"href":"https:\/\/universalchurchusa.org\/es\/wp-json\/wp\/v2\/media\/392607"}],"wp:attachment":[{"href":"https:\/\/universalchurchusa.org\/es\/wp-json\/wp\/v2\/media?parent=392606"}],"wp:term":[{"taxonomy":"category","embeddable":true,"href":"https:\/\/universalchurchusa.org\/es\/wp-json\/wp\/v2\/categories?post=392606"},{"taxonomy":"post_tag","embeddable":true,"href":"https:\/\/universalchurchusa.org\/es\/wp-json\/wp\/v2\/tags?post=392606"},{"taxonomy":"site","embeddable":true,"href":"https:\/\/universalchurchusa.org\/es\/wp-json\/wp\/v2\/site?post=392606"}],"curies":[{"name":"wp","href":"https:\/\/api.w.org\/{rel}","templated":true}]}}