{"id":392589,"date":"2026-09-03T14:49:12","date_gmt":"2026-09-03T21:49:12","guid":{"rendered":"https:\/\/universalchurchusa.org\/es\/?p=392589"},"modified":"2026-09-03T14:49:12","modified_gmt":"2026-09-03T21:49:12","slug":"la-trampa-del-espejo","status":"publish","type":"post","link":"http:\/\/universalchurchusa.org\/es\/noticias-de-la-iglesia\/post\/la-trampa-del-espejo\/","title":{"rendered":"La trampa del espejo"},"content":{"rendered":"<h1 style=\"text-align: center;\"><span style=\"color: #333399;\">\u00bfC\u00f3mo puede la presi\u00f3n sobre la apariencia afectar la manera en que una persona se ve a s\u00ed misma?<\/span><\/h1>\n<p style=\"text-align: center;\">Todos queremos sentirnos y vernos bien. Sin importar qu\u00e9 tipo de moda nos guste, queremos saber que nos estamos viendo lo mejor posible.<\/p>\n<p style=\"text-align: center;\">Pero lo que sucede a veces es que la apariencia puede convertirse en lo m\u00e1s importante para algunas personas. Es m\u00e1s, a veces ponemos la apariencia por encima del verdadero valor de una persona.<\/p>\n<p style=\"text-align: center;\"><span style=\"color: #333399;\"><strong>\u00bfQu\u00e9 es la dismorfia corporal?<\/strong><\/span><\/p>\n<p style=\"text-align: center;\">La dismorfia no es simplemente decir: \u201cNo me gusta mi cabello\u201d, \u201cQuisiera cambiar algo de mi cuerpo\u201d o \u201cQuiero verme mejor\u201d. Es decir, no tiene que ver solamente con el deseo de cambiar algo, porque todos podemos querer hacer alg\u00fan tipo de cambio.<\/p>\n<p style=\"text-align: center;\">Lo que implica la dismorfia es una preocupaci\u00f3n intensa por uno o varios aspectos de la apariencia f\u00edsica.<\/p>\n<p style=\"text-align: center;\">Cuando se habla de preocupaci\u00f3n, se hace referencia a cu\u00e1nto espacio ocupa en la mente esa idea de querer cambiar algo.<\/p>\n<p style=\"text-align: center;\">Descubra m\u00e1s en este video sobre la dismorfia corporal y de d\u00f3nde puede surgir.<\/p>\n<p><iframe loading=\"lazy\" title=\"LA TRAMA DEL ESPEJO\" width=\"500\" height=\"281\" src=\"https:\/\/www.youtube.com\/embed\/djMVUDMa5sk?feature=oembed\" frameborder=\"0\" allow=\"accelerometer; autoplay; clipboard-write; encrypted-media; gyroscope; picture-in-picture; web-share\" referrerpolicy=\"strict-origin-when-cross-origin\" allowfullscreen><\/iframe><\/p>\n<p style=\"text-align: center;\"><strong>Nuestra misi\u00f3n es romper el silencio sobre este tipo de temas. Mant\u00e9ngase actualizado e informado\u00a0con\u00a0<a href=\"https:\/\/www.instagram.com\/rompiendo_silencio\/\"><span style=\"color: #333399;\">Rompiendo el Silencio<\/span><\/a>\u00a0todos los d\u00edas a las 4pm en Visi\u00f3n Latina 57.1 Recuerda que puedes encontrarnos a las 8pm en Visi\u00f3n Latina Radio 96.7<\/strong><\/p>\n<p style=\"text-align: center;\"><strong>Para m\u00e1s detalles sobre nuestro programa vis\u00edtenos en Facebook en Programa\u00a0<span style=\"color: #333399;\"><a style=\"color: #333399;\" href=\"https:\/\/www.facebook.com\/pgmrompiendoelsilencio\">Rompiendo el Silencio<\/a><\/span><\/strong><\/p>\n","protected":false},"excerpt":{"rendered":"<p>\u00bfC\u00f3mo puede la presi\u00f3n sobre la apariencia afectar la manera en que una persona se ve a s\u00ed misma? Todos queremos sentirnos y vernos bien. Sin importar qu\u00e9 tipo de moda nos guste, queremos saber que nos estamos viendo lo mejor posible. Pero lo que sucede a veces es que la apariencia puede convertirse en [&hellip;]<\/p>\n","protected":false},"author":291,"featured_media":392590,"comment_status":"closed","ping_status":"open","sticky":false,"template":"","format":"standard","meta":{"footnotes":""},"categories":[28853],"tags":[],"site":[18871],"class_list":["post-392589","post","type-post","status-publish","format-standard","has-post-thumbnail","hentry","category-noticias-de-la-universal","site-noticias-de-la-iglesia"],"amp_enabled":true,"_links":{"self":[{"href":"https:\/\/universalchurchusa.org\/es\/wp-json\/wp\/v2\/posts\/392589","targetHints":{"allow":["GET"]}}],"collection":[{"href":"https:\/\/universalchurchusa.org\/es\/wp-json\/wp\/v2\/posts"}],"about":[{"href":"https:\/\/universalchurchusa.org\/es\/wp-json\/wp\/v2\/types\/post"}],"author":[{"embeddable":true,"href":"https:\/\/universalchurchusa.org\/es\/wp-json\/wp\/v2\/users\/291"}],"replies":[{"embeddable":true,"href":"https:\/\/universalchurchusa.org\/es\/wp-json\/wp\/v2\/comments?post=392589"}],"version-history":[{"count":2,"href":"https:\/\/universalchurchusa.org\/es\/wp-json\/wp\/v2\/posts\/392589\/revisions"}],"predecessor-version":[{"id":392592,"href":"https:\/\/universalchurchusa.org\/es\/wp-json\/wp\/v2\/posts\/392589\/revisions\/392592"}],"wp:featuredmedia":[{"embeddable":true,"href":"https:\/\/universalchurchusa.org\/es\/wp-json\/wp\/v2\/media\/392590"}],"wp:attachment":[{"href":"https:\/\/universalchurchusa.org\/es\/wp-json\/wp\/v2\/media?parent=392589"}],"wp:term":[{"taxonomy":"category","embeddable":true,"href":"https:\/\/universalchurchusa.org\/es\/wp-json\/wp\/v2\/categories?post=392589"},{"taxonomy":"post_tag","embeddable":true,"href":"https:\/\/universalchurchusa.org\/es\/wp-json\/wp\/v2\/tags?post=392589"},{"taxonomy":"site","embeddable":true,"href":"https:\/\/universalchurchusa.org\/es\/wp-json\/wp\/v2\/site?post=392589"}],"curies":[{"name":"wp","href":"https:\/\/api.w.org\/{rel}","templated":true}]}}