{"id":392582,"date":"2026-09-02T16:29:17","date_gmt":"2026-09-02T23:29:17","guid":{"rendered":"https:\/\/universalchurchusa.org\/es\/?p=392582"},"modified":"2026-09-02T16:29:17","modified_gmt":"2026-09-02T23:29:17","slug":"un-diagnostico-no-define-tu-historia","status":"publish","type":"post","link":"http:\/\/universalchurchusa.org\/es\/noticias-de-la-iglesia\/post\/un-diagnostico-no-define-tu-historia\/","title":{"rendered":"Un diagn\u00f3stico no define tu historia"},"content":{"rendered":"<h1 style=\"text-align: center;\"><span style=\"color: #333399;\">\u00bfQu\u00e9 sucede emocionalmente cuando una persona recibe un diagn\u00f3stico dif\u00edcil y c\u00f3mo puede enfrentarlo sin permitir que miedo domine? \u00a0<\/span><\/h1>\n<p style=\"text-align: center;\">Sin importar la edad, a muchos \u2014si no a todos\u2014 no nos gusta ir al m\u00e9dico. Para muchos, es como una alarma de p\u00e1nico que hace que uno empiece a dudar y a pensar lo peor.<\/p>\n<p style=\"text-align: center;\">Por ejemplo, uno comienza a preguntarse: \u201c\u00bfY si encuentran algo?\u201d, \u201c\u00bfY si tengo la misma enfermedad que tuvo un familiar?\u201d o incluso: \u201cPrefiero no saber\u201d. Pero aqu\u00ed esta el punto principal si usted no sabe que tiene, tampoco sabe que hacer bien para usted.<\/p>\n<p style=\"text-align: center;\">Los chequeos pueden ayudar a detectar problemas a tiempo y ofrecer m\u00e1s opciones de tratamiento. Si uno tiene la costumbre de hacerse chequeos, tambi\u00e9n puede prevenir complicaciones. Es una manera de saber c\u00f3mo est\u00e1 nuestra salud, incluso cuando nos sentimos bien.<\/p>\n<p style=\"text-align: center;\">Muchos tenemos que aprender que el m\u00e9dico no es el enemigo, sino una herramienta para prevenir y tratar problemas a tiempo.<\/p>\n<p style=\"text-align: center;\">Es importante entender que recibir un diagn\u00f3stico de un profesional puede ayudarnos a saber qu\u00e9 est\u00e1 sucediendo y qu\u00e9 pasos seguir. Tambi\u00e9n es importante buscar apoyo m\u00e9dico, psicol\u00f3gico y familiar.<\/p>\n<p style=\"text-align: center;\">Descubra m\u00e1s en este video sobre la importancia de ir al m\u00e9dico y c\u00f3mo prepararse para enfrentar cualquier diagn\u00f3stico.<\/p>\n<p><iframe loading=\"lazy\" title=\"UN DIAGN\u00d3STICO NO DEFINE TU HISTORIA\" width=\"500\" height=\"281\" src=\"https:\/\/www.youtube.com\/embed\/VmieGGJ_Wdw?feature=oembed\" frameborder=\"0\" allow=\"accelerometer; autoplay; clipboard-write; encrypted-media; gyroscope; picture-in-picture; web-share\" referrerpolicy=\"strict-origin-when-cross-origin\" allowfullscreen><\/iframe><\/p>\n<p style=\"text-align: center;\"><strong>Nuestra misi\u00f3n es romper el silencio sobre este tipo de temas. Mant\u00e9ngase actualizado e informado\u00a0con\u00a0<span style=\"color: #333399;\"><a style=\"color: #333399;\" href=\"https:\/\/www.instagram.com\/rompiendo_silencio\/\">Rompiendo el Silencio<\/a><\/span>\u00a0todos los d\u00edas a las 4pm en Visi\u00f3n Latina 57.1 Recuerda que puedes encontrarnos a las 8pm en Visi\u00f3n Latina Radio 96.7<\/strong><\/p>\n<p style=\"text-align: center;\"><strong>Para m\u00e1s detalles sobre nuestro programa vis\u00edtenos en Facebook en Programa\u00a0<span style=\"color: #333399;\"><a style=\"color: #333399;\" href=\"https:\/\/www.facebook.com\/pgmrompiendoelsilencio\">Rompiendo el Silencio<\/a><\/span><\/strong><\/p>\n","protected":false},"excerpt":{"rendered":"<p>\u00bfQu\u00e9 sucede emocionalmente cuando una persona recibe un diagn\u00f3stico dif\u00edcil y c\u00f3mo puede enfrentarlo sin permitir que miedo domine? \u00a0 Sin importar la edad, a muchos \u2014si no a todos\u2014 no nos gusta ir al m\u00e9dico. Para muchos, es como una alarma de p\u00e1nico que hace que uno empiece a dudar y a pensar lo [&hellip;]<\/p>\n","protected":false},"author":291,"featured_media":392583,"comment_status":"closed","ping_status":"open","sticky":false,"template":"","format":"standard","meta":{"footnotes":""},"categories":[28853],"tags":[],"site":[18871],"class_list":["post-392582","post","type-post","status-publish","format-standard","has-post-thumbnail","hentry","category-noticias-de-la-universal","site-noticias-de-la-iglesia"],"amp_enabled":true,"_links":{"self":[{"href":"https:\/\/universalchurchusa.org\/es\/wp-json\/wp\/v2\/posts\/392582","targetHints":{"allow":["GET"]}}],"collection":[{"href":"https:\/\/universalchurchusa.org\/es\/wp-json\/wp\/v2\/posts"}],"about":[{"href":"https:\/\/universalchurchusa.org\/es\/wp-json\/wp\/v2\/types\/post"}],"author":[{"embeddable":true,"href":"https:\/\/universalchurchusa.org\/es\/wp-json\/wp\/v2\/users\/291"}],"replies":[{"embeddable":true,"href":"https:\/\/universalchurchusa.org\/es\/wp-json\/wp\/v2\/comments?post=392582"}],"version-history":[{"count":1,"href":"https:\/\/universalchurchusa.org\/es\/wp-json\/wp\/v2\/posts\/392582\/revisions"}],"predecessor-version":[{"id":392584,"href":"https:\/\/universalchurchusa.org\/es\/wp-json\/wp\/v2\/posts\/392582\/revisions\/392584"}],"wp:featuredmedia":[{"embeddable":true,"href":"https:\/\/universalchurchusa.org\/es\/wp-json\/wp\/v2\/media\/392583"}],"wp:attachment":[{"href":"https:\/\/universalchurchusa.org\/es\/wp-json\/wp\/v2\/media?parent=392582"}],"wp:term":[{"taxonomy":"category","embeddable":true,"href":"https:\/\/universalchurchusa.org\/es\/wp-json\/wp\/v2\/categories?post=392582"},{"taxonomy":"post_tag","embeddable":true,"href":"https:\/\/universalchurchusa.org\/es\/wp-json\/wp\/v2\/tags?post=392582"},{"taxonomy":"site","embeddable":true,"href":"https:\/\/universalchurchusa.org\/es\/wp-json\/wp\/v2\/site?post=392582"}],"curies":[{"name":"wp","href":"https:\/\/api.w.org\/{rel}","templated":true}]}}