{"id":392550,"date":"2026-09-01T15:06:15","date_gmt":"2026-09-01T22:06:15","guid":{"rendered":"https:\/\/universalchurchusa.org\/es\/?p=392550"},"modified":"2026-09-01T15:06:15","modified_gmt":"2026-09-01T22:06:15","slug":"donde-busca-su-valor","status":"publish","type":"post","link":"http:\/\/universalchurchusa.org\/es\/noticias-de-la-iglesia\/post\/donde-busca-su-valor\/","title":{"rendered":"\u00bfD\u00f3nde busca su valor?"},"content":{"rendered":"<h1 style=\"text-align: center;\"><span style=\"color: #333399;\">\u00bfDe qu\u00e9 manera nos valorizamos?<\/span><\/h1>\n<p>Muchos hemos pasado por altas y bajas. En alg\u00fan momento, muchos nos hemos sentido inseguros por algo. Son estas situaciones las que muchas veces pueden afectar nuestra autoestima y hacer que dejemos de valorarnos.<\/p>\n<p>Por ejemplo, el rechazo, el acoso o bullying, la traici\u00f3n y fracasar en algo son algunas de las situaciones que pueden provocar baja autoestima. Tambi\u00e9n, el constante compararse a otras personas.<\/p>\n<p>Muchas veces, estos sentimientos nos sacan de nuestro car\u00e1cter y nos hacen desarrollar una forma de ser para poder agradar a la gente.<img loading=\"lazy\" decoding=\"async\" class=\"aligncenter wp-image-392553 size-full\" src=\"http:\/\/universalchurchusa.org\/es\/wp-content\/uploads\/sites\/6\/2026\/09\/2.jpg\" alt=\"\" width=\"1920\" height=\"1080\" srcset=\"https:\/\/universalchurchusa.org\/es\/wp-content\/uploads\/sites\/6\/2026\/09\/2.jpg 1920w, https:\/\/universalchurchusa.org\/es\/wp-content\/uploads\/sites\/6\/2026\/09\/2-300x169.jpg 300w, https:\/\/universalchurchusa.org\/es\/wp-content\/uploads\/sites\/6\/2026\/09\/2-1024x576.jpg 1024w, https:\/\/universalchurchusa.org\/es\/wp-content\/uploads\/sites\/6\/2026\/09\/2-768x432.jpg 768w, https:\/\/universalchurchusa.org\/es\/wp-content\/uploads\/sites\/6\/2026\/09\/2-1536x864.jpg 1536w, https:\/\/universalchurchusa.org\/es\/wp-content\/uploads\/sites\/6\/2026\/09\/2-318x179.jpg 318w\" sizes=\"auto, (max-width: 1920px) 100vw, 1920px\" \/><\/p>\n<p style=\"text-align: center;\"><span style=\"color: #333399;\"><strong>\u00bfQu\u00e9 sucede cuando uno quiere agradar a la gente?<\/strong><\/span><\/p>\n<p>Muchas veces, nos perdemos a nosotros mismos porque la baja autoestima crea un vac\u00edo interno. Tratamos y tratamos, pero nada de lo que hacemos para agradar a los dem\u00e1s nos trae aquella satisfacci\u00f3n de sentirnos aceptados.<\/p>\n<p>Pero hay alguien que siempre nos est\u00e1 esperando y hasta nos dice que valioso somos. Por eso la Biblia nos dice as\u00ed: <span style=\"color: #333399;\"><strong><em>\u201c\u00bfDe qu\u00e9 le sirve a uno ganar el mundo entero si se pierde la vida? \u00bfO qu\u00e9 se puede dar a cambio de la vida?\u201d<\/em><\/strong><\/span> (Marcos 8:36-37).<\/p>\n<p>Aqu\u00ed el Se\u00f1or Jes\u00fas compara todo el mundo con nosotros, con nuestro valor. Cuando hemos estado fuera de Su presencia y hemos tratado de ser parte del mundo, cu\u00e1ntas veces nos ha rechazado o nos ha hecho sentir dolor. Es decir, terminamos perdi\u00e9ndonos tratando de encontrar aceptaci\u00f3n en un mundo que muchas veces nos rechaza.<img loading=\"lazy\" decoding=\"async\" class=\"aligncenter wp-image-392556 size-full\" src=\"http:\/\/universalchurchusa.org\/es\/wp-content\/uploads\/sites\/6\/2026\/09\/5.jpg\" alt=\"\" width=\"1920\" height=\"1080\" srcset=\"https:\/\/universalchurchusa.org\/es\/wp-content\/uploads\/sites\/6\/2026\/09\/5.jpg 1920w, https:\/\/universalchurchusa.org\/es\/wp-content\/uploads\/sites\/6\/2026\/09\/5-300x169.jpg 300w, https:\/\/universalchurchusa.org\/es\/wp-content\/uploads\/sites\/6\/2026\/09\/5-1024x576.jpg 1024w, https:\/\/universalchurchusa.org\/es\/wp-content\/uploads\/sites\/6\/2026\/09\/5-768x432.jpg 768w, https:\/\/universalchurchusa.org\/es\/wp-content\/uploads\/sites\/6\/2026\/09\/5-1536x864.jpg 1536w, https:\/\/universalchurchusa.org\/es\/wp-content\/uploads\/sites\/6\/2026\/09\/5-318x179.jpg 318w\" sizes=\"auto, (max-width: 1920px) 100vw, 1920px\" \/><\/p>\n<p>Pero \u00c9l nos muestra aqu\u00ed que no debemos perdernos tratando de ganar el mundo, porque nuestro valor es mucho m\u00e1s grande: <span style=\"color: #333399;\"><strong>es eterno.<\/strong><\/span><\/p>\n<p>Y es con esta fe que el Proyecto de \u00c1ngeles de la Noche es movida. Cada semana, por todo el pa\u00eds el grupo de \u00c1ngeles de la Noche sale a distribuir comida, agua, rompa y biblias. Pero, m\u00e1s all\u00e1 de lo material, busca llevar lo m\u00e1s importante: la fe que puede transformar vidas y acercar a las personas a Dios.<img loading=\"lazy\" decoding=\"async\" class=\"aligncenter wp-image-392552 size-full\" src=\"http:\/\/universalchurchusa.org\/es\/wp-content\/uploads\/sites\/6\/2026\/09\/1.jpg\" alt=\"\" width=\"1920\" height=\"1080\" srcset=\"https:\/\/universalchurchusa.org\/es\/wp-content\/uploads\/sites\/6\/2026\/09\/1.jpg 1920w, https:\/\/universalchurchusa.org\/es\/wp-content\/uploads\/sites\/6\/2026\/09\/1-300x169.jpg 300w, https:\/\/universalchurchusa.org\/es\/wp-content\/uploads\/sites\/6\/2026\/09\/1-1024x576.jpg 1024w, https:\/\/universalchurchusa.org\/es\/wp-content\/uploads\/sites\/6\/2026\/09\/1-768x432.jpg 768w, https:\/\/universalchurchusa.org\/es\/wp-content\/uploads\/sites\/6\/2026\/09\/1-1536x864.jpg 1536w, https:\/\/universalchurchusa.org\/es\/wp-content\/uploads\/sites\/6\/2026\/09\/1-318x179.jpg 318w\" sizes=\"auto, (max-width: 1920px) 100vw, 1920px\" \/><\/p>\n<p style=\"text-align: center;\">Si desea ser parte de este proyecto, vis\u00edtenos en el <span style=\"color: #333399;\"><strong><em>Santuario de la Familia de Dios<\/em><\/strong><\/span>, ubicado en <span style=\"color: #333399;\"><em><strong>625 S. Bonnie Brae St., Los \u00c1ngeles<\/strong><\/em><\/span>,<span style=\"color: #333399;\"><em><strong> CA 90057<\/strong><\/em><\/span>, o busque la <span style=\"color: #333399;\"><em><strong>Iglesia Universal<\/strong><\/em><\/span> m\u00e1s cercana. Tambi\u00e9n puede llamarnos al<span style=\"color: #333399;\"><em><strong> (800) 581-4141.<\/strong><\/em><\/span> Nuestros colaboradores estar\u00e1n disponibles para atenderle.<\/p>\n<p style=\"text-align: center;\">S\u00edganos en nuestras redes sociales:<\/p>\n<div class=\"elementor-element elementor-element-64ce359 elementor-widget elementor-widget-text-editor\" data-id=\"64ce359\" data-element_type=\"widget\" data-widget_type=\"text-editor.default\">\n<div class=\"elementor-widget-container\">\n<h1 style=\"text-align: center;\"><strong>WEB:<\/strong><span style=\"color: #333399;\">\u00a0<a style=\"color: #333399;\" href=\"https:\/\/universalchurchusa.org\/es\/\"><strong>UNIVERSALCHURCHUSA.ORG\/ES\/<\/strong><\/a><\/span><\/h1>\n<\/div>\n<\/div>\n<div class=\"elementor-element elementor-element-e2527d4 elementor-widget elementor-widget-text-editor\" data-id=\"e2527d4\" data-element_type=\"widget\" data-widget_type=\"text-editor.default\">\n<div class=\"elementor-widget-container\">\n<h1 style=\"text-align: center;\"><strong>Facebook:\u00a0\u00a0<span style=\"color: #333399;\"><a style=\"color: #333399;\" href=\"https:\/\/www.facebook.com\/evgusa.oficial\">EVG FB<\/a><\/span><\/strong><\/h1>\n<h1 style=\"text-align: center;\"><strong>Instagram:\u00a0\u00a0<span style=\"color: #333399;\"><a style=\"color: #333399;\" href=\"https:\/\/instagram.com\/evgestadosunidos?igshid=3q7vbp3t3whl\">EVG IG<\/a><\/span><\/strong><\/h1>\n<\/div>\n<\/div>\n","protected":false},"excerpt":{"rendered":"<p>\u00bfDe qu\u00e9 manera nos valorizamos? Muchos hemos pasado por altas y bajas. En alg\u00fan momento, muchos nos hemos sentido inseguros por algo. Son estas situaciones las que muchas veces pueden afectar nuestra autoestima y hacer que dejemos de valorarnos. Por ejemplo, el rechazo, el acoso o bullying, la traici\u00f3n y fracasar en algo son algunas [&hellip;]<\/p>\n","protected":false},"author":291,"featured_media":392551,"comment_status":"closed","ping_status":"open","sticky":false,"template":"","format":"standard","meta":{"footnotes":""},"categories":[28846],"tags":[],"site":[18871],"class_list":["post-392550","post","type-post","status-publish","format-standard","has-post-thumbnail","hentry","category-proyecto-social","site-noticias-de-la-iglesia"],"amp_enabled":true,"_links":{"self":[{"href":"https:\/\/universalchurchusa.org\/es\/wp-json\/wp\/v2\/posts\/392550","targetHints":{"allow":["GET"]}}],"collection":[{"href":"https:\/\/universalchurchusa.org\/es\/wp-json\/wp\/v2\/posts"}],"about":[{"href":"https:\/\/universalchurchusa.org\/es\/wp-json\/wp\/v2\/types\/post"}],"author":[{"embeddable":true,"href":"https:\/\/universalchurchusa.org\/es\/wp-json\/wp\/v2\/users\/291"}],"replies":[{"embeddable":true,"href":"https:\/\/universalchurchusa.org\/es\/wp-json\/wp\/v2\/comments?post=392550"}],"version-history":[{"count":5,"href":"https:\/\/universalchurchusa.org\/es\/wp-json\/wp\/v2\/posts\/392550\/revisions"}],"predecessor-version":[{"id":392581,"href":"https:\/\/universalchurchusa.org\/es\/wp-json\/wp\/v2\/posts\/392550\/revisions\/392581"}],"wp:featuredmedia":[{"embeddable":true,"href":"https:\/\/universalchurchusa.org\/es\/wp-json\/wp\/v2\/media\/392551"}],"wp:attachment":[{"href":"https:\/\/universalchurchusa.org\/es\/wp-json\/wp\/v2\/media?parent=392550"}],"wp:term":[{"taxonomy":"category","embeddable":true,"href":"https:\/\/universalchurchusa.org\/es\/wp-json\/wp\/v2\/categories?post=392550"},{"taxonomy":"post_tag","embeddable":true,"href":"https:\/\/universalchurchusa.org\/es\/wp-json\/wp\/v2\/tags?post=392550"},{"taxonomy":"site","embeddable":true,"href":"https:\/\/universalchurchusa.org\/es\/wp-json\/wp\/v2\/site?post=392550"}],"curies":[{"name":"wp","href":"https:\/\/api.w.org\/{rel}","templated":true}]}}