{"id":392542,"date":"2026-09-01T12:35:40","date_gmt":"2026-09-01T19:35:40","guid":{"rendered":"https:\/\/universalchurchusa.org\/es\/?p=392542"},"modified":"2026-09-01T12:35:40","modified_gmt":"2026-09-01T19:35:40","slug":"el-peso-de-seguir-adelante","status":"publish","type":"post","link":"http:\/\/universalchurchusa.org\/es\/noticias-de-la-iglesia\/post\/el-peso-de-seguir-adelante\/","title":{"rendered":"El peso de seguir adelante"},"content":{"rendered":"<p>El escritor George R. R. Martin, autor de la saga que inspir\u00f3 Game of Thrones, revel\u00f3 que est\u00e1 atravesando un per\u00edodo dif\u00edcil. A sus 77 a\u00f1os, cont\u00f3 que pas\u00f3 cerca de seis meses sin poder escribir y que enfrent\u00f3 la tristeza, la depresi\u00f3n y el duelo por la p\u00e9rdida de amigos.<\/p>\n<p>El desahogo fue publicado en su blog en medio de la expectativa de los fan\u00e1ticos por la conclusi\u00f3n de Vientos de Invierno, el sexto libro de la saga Canci\u00f3n de Hielo y Fuego.<\/p>\n<p><span style=\"color: #333399;\"><strong>Un per\u00edodo dif\u00edcil<\/strong><\/span><\/p>\n<p><span style=\"color: #333399;\"><strong><em>\u201cEste a\u00f1o fue\u2026 estresante, por decir lo menos. Sucedieron tantas cosas que fue abrumador. Algunas cosas fueron excelentes (\u2026) Pero tambi\u00e9n hubo pesadillas. Perd\u00ed amigos. Luch\u00e9 contra la tristeza y la depresi\u00f3n. Lo peor todav\u00eda puede estar por venir. Cumpl\u00ed setenta y siete a\u00f1os en septiembre pasado y les digo: envejecer no es nada divertido\u201d<\/em><\/strong><\/span>, escribi\u00f3.<\/p>\n<p>El escritor tambi\u00e9n revel\u00f3 que pas\u00f3 aproximadamente seis meses sin escribir. Sin embargo, no present\u00f3 una nueva fecha prevista para la publicaci\u00f3n de Vientos de Invierno.<\/p>\n<p>Los fan\u00e1ticos esperan el libro desde 2011, cuando fue publicado Danza de Dragones. Desde entonces, la obra se ha convertido en uno de los principales t\u00edtulos pendientes de la saga literaria que inspir\u00f3 la serie Game of Thrones.<\/p>\n<p><span style=\"color: #333399;\"><strong>Salud emocional en declive<\/strong><\/span><\/p>\n<p>La presi\u00f3n por obtener resultados, la soledad, el envejecimiento y el duelo pueden contribuir al aumento del sufrimiento emocional. La depresi\u00f3n, a su vez, afecta a millones de personas en todo el mundo.<\/p>\n<p>Seg\u00fan C\u00e1ssia Pa\u00eds, la presi\u00f3n por obtener resultados en el trabajo contribuy\u00f3 a agravar un sufrimiento emocional que ya enfrentaba. Desde la infancia, lidiaba con antecedentes de depresi\u00f3n, intentos de suicidio y complejos de inferioridad. Con el paso del tiempo, sin embargo, la situaci\u00f3n se intensific\u00f3.<\/p>\n<p><span style=\"color: #333399;\">\u201c<strong><em>Me tomaba m\u00e1s de una hora pasar por la entrada de la empresa, porque aquella voz hablaba todo el tiempo en mi cabeza: \u2018Eres in\u00fatil, no vas a poder trabajar, no sirves para nada\u2019. Todo esto estaba acompa\u00f1ado por un fuerte y constante dolor de cabeza\u201d<\/em><\/strong><\/span>, relat\u00f3.<\/p>\n<p>La situaci\u00f3n hizo que C\u00e1ssia permaneciera alejada del trabajo durante diez a\u00f1os. Adem\u00e1s, incluso despu\u00e9s de buscar ayuda de psic\u00f3logos y psiquiatras, afirm\u00f3 que todav\u00eda no encontraba una salida para su sufrimiento.<\/p>\n<p>Posteriormente, C\u00e1ssia busc\u00f3 apoyo para enfrentar el sufrimiento que atravesaba. Seg\u00fan su testimonio, fue entonces cuando comenz\u00f3 a encontrar un nuevo camino para salir adelante.<\/p>\n<p><span style=\"color: #333399;\"><strong>Sobre Depresi\u00f3n Tiene Cura<\/strong><\/span><\/p>\n<p>Casos como el de Martin muestran c\u00f3mo la presi\u00f3n, las p\u00e9rdidas y otras situaciones dif\u00edciles pueden afectar profundamente el bienestar emocional. C\u00e1ssia tambi\u00e9n atraves\u00f3 un per\u00edodo marcado por un intenso sufrimiento emocional. Pero algo que usted debe entender es que no est\u00e1 solo y que existen recursos que pueden ayudarle.<\/p>\n<p>Por eso, en la Iglesia Universal existen proyectos que se enfocan en brindar apoyo emocional y espiritual a las personas que atraviesan este tipo de situaciones, como el proyecto<span style=\"color: #333399;\"><strong> HELP<\/strong> <\/span>del YPG.<\/p>\n<p>El <span style=\"color: #333399;\"><em><strong>domingo 13<\/strong><\/em><\/span> se realizar\u00e1 el evento <span style=\"color: #333399;\"><strong>Mega Help<\/strong><\/span>, donde se hablar\u00e1 sobre estas emociones y sobre la importancia de buscar apoyo. Despu\u00e9s del evento, se llevar\u00e1 a cabo el <span style=\"color: #333399;\"><strong>Help Walk<\/strong><\/span>, en el que los j\u00f3venes del Youth Power Group <span style=\"color: #333399;\"><strong>(YPG)<\/strong> <\/span>saldr\u00e1n a la comunidad para crear conciencia y mostrar que nadie tiene que enfrentar estas luchas solo.<\/p>\n","protected":false},"excerpt":{"rendered":"<p>El escritor George R. R. Martin, autor de la saga que inspir\u00f3 Game of Thrones, revel\u00f3 que est\u00e1 atravesando un per\u00edodo dif\u00edcil. A sus 77 a\u00f1os, cont\u00f3 que pas\u00f3 cerca de seis meses sin poder escribir y que enfrent\u00f3 la tristeza, la depresi\u00f3n y el duelo por la p\u00e9rdida de amigos. El desahogo fue publicado [&hellip;]<\/p>\n","protected":false},"author":291,"featured_media":392543,"comment_status":"closed","ping_status":"open","sticky":false,"template":"","format":"standard","meta":{"footnotes":""},"categories":[28853],"tags":[],"site":[18871],"class_list":["post-392542","post","type-post","status-publish","format-standard","has-post-thumbnail","hentry","category-noticias-de-la-universal","site-noticias-de-la-iglesia"],"amp_enabled":true,"_links":{"self":[{"href":"https:\/\/universalchurchusa.org\/es\/wp-json\/wp\/v2\/posts\/392542","targetHints":{"allow":["GET"]}}],"collection":[{"href":"https:\/\/universalchurchusa.org\/es\/wp-json\/wp\/v2\/posts"}],"about":[{"href":"https:\/\/universalchurchusa.org\/es\/wp-json\/wp\/v2\/types\/post"}],"author":[{"embeddable":true,"href":"https:\/\/universalchurchusa.org\/es\/wp-json\/wp\/v2\/users\/291"}],"replies":[{"embeddable":true,"href":"https:\/\/universalchurchusa.org\/es\/wp-json\/wp\/v2\/comments?post=392542"}],"version-history":[{"count":2,"href":"https:\/\/universalchurchusa.org\/es\/wp-json\/wp\/v2\/posts\/392542\/revisions"}],"predecessor-version":[{"id":392545,"href":"https:\/\/universalchurchusa.org\/es\/wp-json\/wp\/v2\/posts\/392542\/revisions\/392545"}],"wp:featuredmedia":[{"embeddable":true,"href":"https:\/\/universalchurchusa.org\/es\/wp-json\/wp\/v2\/media\/392543"}],"wp:attachment":[{"href":"https:\/\/universalchurchusa.org\/es\/wp-json\/wp\/v2\/media?parent=392542"}],"wp:term":[{"taxonomy":"category","embeddable":true,"href":"https:\/\/universalchurchusa.org\/es\/wp-json\/wp\/v2\/categories?post=392542"},{"taxonomy":"post_tag","embeddable":true,"href":"https:\/\/universalchurchusa.org\/es\/wp-json\/wp\/v2\/tags?post=392542"},{"taxonomy":"site","embeddable":true,"href":"https:\/\/universalchurchusa.org\/es\/wp-json\/wp\/v2\/site?post=392542"}],"curies":[{"name":"wp","href":"https:\/\/api.w.org\/{rel}","templated":true}]}}