{"id":392397,"date":"2026-08-25T15:22:54","date_gmt":"2026-08-25T22:22:54","guid":{"rendered":"https:\/\/universalchurchusa.org\/es\/?p=392397"},"modified":"2026-08-25T15:22:54","modified_gmt":"2026-08-25T22:22:54","slug":"los-7-viernes-de-los-benditos-de-dios","status":"publish","type":"post","link":"http:\/\/universalchurchusa.org\/es\/noticias-de-la-iglesia\/post\/los-7-viernes-de-los-benditos-de-dios\/","title":{"rendered":"Los 7 viernes de los benditos de Dios"},"content":{"rendered":"<h1 style=\"text-align: center;\"><span style=\"color: #333399;\">\u00bfQu\u00e9 significa la condici\u00f3n de bendito?<\/span><\/h1>\n<p>El verdadero significado de la palabra <span style=\"color: #333399;\">\u201c<strong><em>bendito\u201d<\/em><\/strong><\/span> es que uno ha recibido el favor y la bendici\u00f3n de Dios. Muchos, en este momento, est\u00e1n sufriendo a causa del malestar, la envidia u otras dificultades. Y, por esa raz\u00f3n, pueden encontrarse en una condici\u00f3n de maldici\u00f3n al estar separados de Dios.<\/p>\n<p>Por eso, la Biblia nos ense\u00f1a:<\/p>\n<p><span style=\"color: #333399;\"><strong><em>\u201cY Dios dijo a Balaam: No vayas con ellos; no maldecir\u00e1s al pueblo, porque es bendito\u201d<\/em><\/strong><\/span> (N\u00fameros 22:12).<\/p>\n<p>Aqu\u00ed, lo que estaba sucediendo es que el rey Balac quer\u00eda enviar a Balaam a maldecir al pueblo de Israel. \u00c9l quer\u00eda que su condici\u00f3n espiritual se debilitara. Pero aqu\u00ed vemos la diferencia cuando uno est\u00e1 bajo el favor de Dios: \u00c9l no permite que una maldici\u00f3n anule aquello que \u00c9l ha bendecido.<\/p>\n<p>Bendito tambi\u00e9n significa que uno fue separado y guardado por Dios. Por eso, este viernes (28), la Iglesia Universal comenzar\u00e1 Los 7 Viernes de los Benditos de Dios. Cuando una persona y su familia reciben de Dios la condici\u00f3n de benditos, ninguna obra del mal puede prevalecer contra ellos. La brujer\u00eda, la hechicer\u00eda y toda obra maligna no pueden destruir aquello que Dios ha bendecido.<\/p>\n<p>Por eso, venga este viernes a Los 7 Viernes de los Benditos de Dios y busque para usted y su familia la protecci\u00f3n y la bendici\u00f3n que vienen de \u00c9l.<\/p>\n<p>Tambi\u00e9n se estar\u00e1 entregando el Manto de Luz a todos los presentes. No se lo pierda.<\/p>\n<p><span style=\"color: #333399;\"><strong>D\u00f3nde participar:<\/strong> <em><strong>625 S. Bonnie Brae St., Los \u00c1ngeles, CA 90057<\/strong><\/em><\/span><br data-start=\"67\" data-end=\"70\" \/><span style=\"color: #333399;\"><strong data-start=\"70\" data-end=\"82\">Horario:<\/strong><em><strong> 7 p. m<\/strong><\/em><\/span>.<\/p>\n<p>Busque la Iglesia Universal m\u00e1s cercana <a href=\"https:\/\/universalchurchusa.org\/es\/direcciones\/\"><span style=\"color: #333399;\"><em><strong>aqu\u00ed.<\/strong><\/em><\/span><\/a><\/p>\n","protected":false},"excerpt":{"rendered":"<p>\u00bfQu\u00e9 significa la condici\u00f3n de bendito? El verdadero significado de la palabra \u201cbendito\u201d es que uno ha recibido el favor y la bendici\u00f3n de Dios. Muchos, en este momento, est\u00e1n sufriendo a causa del malestar, la envidia u otras dificultades. Y, por esa raz\u00f3n, pueden encontrarse en una condici\u00f3n de maldici\u00f3n al estar separados de [&hellip;]<\/p>\n","protected":false},"author":291,"featured_media":392398,"comment_status":"closed","ping_status":"open","sticky":false,"template":"","format":"standard","meta":{"footnotes":""},"categories":[28848],"tags":[],"site":[18871],"class_list":["post-392397","post","type-post","status-publish","format-standard","has-post-thumbnail","hentry","category-eventos-especiales","site-noticias-de-la-iglesia"],"amp_enabled":true,"_links":{"self":[{"href":"https:\/\/universalchurchusa.org\/es\/wp-json\/wp\/v2\/posts\/392397","targetHints":{"allow":["GET"]}}],"collection":[{"href":"https:\/\/universalchurchusa.org\/es\/wp-json\/wp\/v2\/posts"}],"about":[{"href":"https:\/\/universalchurchusa.org\/es\/wp-json\/wp\/v2\/types\/post"}],"author":[{"embeddable":true,"href":"https:\/\/universalchurchusa.org\/es\/wp-json\/wp\/v2\/users\/291"}],"replies":[{"embeddable":true,"href":"https:\/\/universalchurchusa.org\/es\/wp-json\/wp\/v2\/comments?post=392397"}],"version-history":[{"count":1,"href":"https:\/\/universalchurchusa.org\/es\/wp-json\/wp\/v2\/posts\/392397\/revisions"}],"predecessor-version":[{"id":392399,"href":"https:\/\/universalchurchusa.org\/es\/wp-json\/wp\/v2\/posts\/392397\/revisions\/392399"}],"wp:featuredmedia":[{"embeddable":true,"href":"https:\/\/universalchurchusa.org\/es\/wp-json\/wp\/v2\/media\/392398"}],"wp:attachment":[{"href":"https:\/\/universalchurchusa.org\/es\/wp-json\/wp\/v2\/media?parent=392397"}],"wp:term":[{"taxonomy":"category","embeddable":true,"href":"https:\/\/universalchurchusa.org\/es\/wp-json\/wp\/v2\/categories?post=392397"},{"taxonomy":"post_tag","embeddable":true,"href":"https:\/\/universalchurchusa.org\/es\/wp-json\/wp\/v2\/tags?post=392397"},{"taxonomy":"site","embeddable":true,"href":"https:\/\/universalchurchusa.org\/es\/wp-json\/wp\/v2\/site?post=392397"}],"curies":[{"name":"wp","href":"https:\/\/api.w.org\/{rel}","templated":true}]}}