{"id":390379,"date":"2026-04-28T08:11:08","date_gmt":"2026-04-28T15:11:08","guid":{"rendered":"https:\/\/universalchurchusa.org\/es\/?p=390379"},"modified":"2026-04-28T08:18:51","modified_gmt":"2026-04-28T15:18:51","slug":"ayuno-de-daniel-preparese-para-el-derramamiento","status":"publish","type":"post","link":"http:\/\/universalchurchusa.org\/es\/noticias-de-la-iglesia\/post\/ayuno-de-daniel-preparese-para-el-derramamiento\/","title":{"rendered":"Ayuno de Daniel: Prep\u00e1rese para el Derramamiento"},"content":{"rendered":"<p><em><span style=\"color: #333399;\"><strong>El Ayuno de Daniel comienza el pr\u00f3ximo 3 de mayo y se extiende hasta el 24 de mayo<\/strong><\/span><\/em>, marcando un per\u00edodo de profunda entrega y desconexi\u00f3n de las distracciones de este mundo. Con el prop\u00f3sito de priorizar la voz de Dios, los participantes se abstienen de informaci\u00f3n secular, entretenimiento y redes sociales.<\/p>\n<p>Adem\u00e1s, esta edici\u00f3n tiene un peso espiritual a\u00fan mayor, ya que coincide con el prop\u00f3sito de Pentecost\u00e9s que ya moviliza a toda la Universal.<\/p>\n<p><span style=\"color: #333399;\"><strong>El contexto<\/strong><\/span><\/p>\n<p>Este proceso no es aislado. Actualmente, la Iglesia Universal est\u00e1 viviendo la unci\u00f3n con el aceite consagrado en el evento <span style=\"color: #333399;\"><strong>\u201cLa Familia al Pie de la Cruz\u201d<\/strong><\/span>. Este acto simb\u00f3lico prepara el camino para lo que vendr\u00e1 en mayo.<\/p>\n<ul>\n<li><span style=\"color: #333399;\"><strong>La promesa:<\/strong><\/span> recibir o renovar el Esp\u00edritu Santo.<\/li>\n<li><span style=\"color: #333399;\"><strong>El ejemplo b\u00edblico:<\/strong> <\/span>en Hechos 2, el Esp\u00edritu Santo descendi\u00f3 sobre aquellos que obedecieron y permanecieron unidos.<\/li>\n<li><span style=\"color: #333399;\"><strong>La meta:<\/strong><\/span> prepararnos para nuestro propio \u201cPentecost\u00e9s\u201d, buscando ese mismo derramamiento.<\/li>\n<\/ul>\n<p><span style=\"color: #333399;\"><strong>La voz del Altar<\/strong><\/span><\/p>\n<p>Se enfatiza la importancia de la unidad y de este prop\u00f3sito espiritual. Este es un llamado a buscar el Esp\u00edritu Santo con una misma fe y un mismo objetivo, creyendo que \u00c9l puede obrar en todos los que participan.<\/p>\n<p>La Iglesia del Se\u00f1or Jes\u00fas est\u00e1 formada por aquellos que han nacido del agua y del Esp\u00edritu. Es decir, personas transformadas interiormente, que viven una fe real y buscan una comuni\u00f3n verdadera con Dios.<\/p>\n<p><span style=\"color: #333399;\"><strong>C\u00f3mo participar del Ayuno de Daniel<\/strong><\/span><\/p>\n<p>Este prop\u00f3sito requiere decisi\u00f3n y entrega. No es un ayuno de comida, sino de informaci\u00f3n.<\/p>\n<ul>\n<li><span style=\"color: #333399;\"><strong>Abstenci\u00f3n total:<\/strong> <\/span>evitar noticias, pel\u00edculas, m\u00fasica y redes sociales sin contenido espiritual.<\/li>\n<li><span style=\"color: #333399;\"><strong>Contenido de fe:<\/strong><\/span> enfocarse en la Biblia, contenidos edificantes y mensajes espirituales.<\/li>\n<li><span style=\"color: #333399;\"><strong>Constancia diaria:<\/strong> <\/span>mantener oraci\u00f3n y comuni\u00f3n con Dios todos los d\u00edas.<\/li>\n<\/ul>\n<p><span style=\"color: #333399;\"><strong>\u00bfPor qu\u00e9 hacerlo?<\/strong><\/span><\/p>\n<p>El objetivo principal es el <span style=\"color: #333399;\"><strong>nuevo nacimiento<\/strong><\/span>. En un mundo lleno de ruido, este ayuno permite escuchar la voz de Dios con claridad.<\/p>\n<p>Al concluir el 24 de mayo, se espera que las personas experimenten una transformaci\u00f3n real o un fortalecimiento profundo de su fe.<\/p>\n<p>Para m\u00e1s informaci\u00f3n, por favor vis\u00edtenos en:\u00a0<span style=\"color: #333399;\"><em><strong>625 S Bonnie Brae St, Los \u00c1ngeles, CA 90057<\/strong><\/em><\/span>, o en la Universal m\u00e1s cercana a usted. Tambi\u00e9n puede llamarnos para asistencia al\u00a0<span style=\"color: #333399;\"><em><strong>(800) 581-4141<\/strong><\/em>.<\/span><\/p>\n","protected":false},"excerpt":{"rendered":"<p>El Ayuno de Daniel comienza el pr\u00f3ximo 3 de mayo y se extiende hasta el 24 de mayo, marcando un per\u00edodo de profunda entrega y desconexi\u00f3n de las distracciones de este mundo. Con el prop\u00f3sito de priorizar la voz de Dios, los participantes se abstienen de informaci\u00f3n secular, entretenimiento y redes sociales. Adem\u00e1s, esta edici\u00f3n [&hellip;]<\/p>\n","protected":false},"author":291,"featured_media":390380,"comment_status":"closed","ping_status":"open","sticky":false,"template":"","format":"standard","meta":{"footnotes":""},"categories":[28848],"tags":[],"site":[18871],"class_list":["post-390379","post","type-post","status-publish","format-standard","has-post-thumbnail","hentry","category-eventos-especiales","site-noticias-de-la-iglesia"],"amp_enabled":true,"_links":{"self":[{"href":"https:\/\/universalchurchusa.org\/es\/wp-json\/wp\/v2\/posts\/390379","targetHints":{"allow":["GET"]}}],"collection":[{"href":"https:\/\/universalchurchusa.org\/es\/wp-json\/wp\/v2\/posts"}],"about":[{"href":"https:\/\/universalchurchusa.org\/es\/wp-json\/wp\/v2\/types\/post"}],"author":[{"embeddable":true,"href":"https:\/\/universalchurchusa.org\/es\/wp-json\/wp\/v2\/users\/291"}],"replies":[{"embeddable":true,"href":"https:\/\/universalchurchusa.org\/es\/wp-json\/wp\/v2\/comments?post=390379"}],"version-history":[{"count":3,"href":"https:\/\/universalchurchusa.org\/es\/wp-json\/wp\/v2\/posts\/390379\/revisions"}],"predecessor-version":[{"id":390383,"href":"https:\/\/universalchurchusa.org\/es\/wp-json\/wp\/v2\/posts\/390379\/revisions\/390383"}],"wp:featuredmedia":[{"embeddable":true,"href":"https:\/\/universalchurchusa.org\/es\/wp-json\/wp\/v2\/media\/390380"}],"wp:attachment":[{"href":"https:\/\/universalchurchusa.org\/es\/wp-json\/wp\/v2\/media?parent=390379"}],"wp:term":[{"taxonomy":"category","embeddable":true,"href":"https:\/\/universalchurchusa.org\/es\/wp-json\/wp\/v2\/categories?post=390379"},{"taxonomy":"post_tag","embeddable":true,"href":"https:\/\/universalchurchusa.org\/es\/wp-json\/wp\/v2\/tags?post=390379"},{"taxonomy":"site","embeddable":true,"href":"https:\/\/universalchurchusa.org\/es\/wp-json\/wp\/v2\/site?post=390379"}],"curies":[{"name":"wp","href":"https:\/\/api.w.org\/{rel}","templated":true}]}}