{"id":390007,"date":"2026-03-10T16:28:55","date_gmt":"2026-03-10T23:28:55","guid":{"rendered":"https:\/\/universalchurchusa.org\/es\/?p=390007"},"modified":"2026-03-10T16:28:55","modified_gmt":"2026-03-10T23:28:55","slug":"nadie-mira-mis-esfuerzos","status":"publish","type":"post","link":"http:\/\/universalchurchusa.org\/es\/noticias-de-la-iglesia\/post\/nadie-mira-mis-esfuerzos\/","title":{"rendered":"\u00bfNadie mira mis esfuerzos?"},"content":{"rendered":"<p style=\"text-align: center;\"><span style=\"color: #333399;\"><strong>\u00bfPor qu\u00e9 parece que nadie ve mis esfuerzos?<\/strong><\/span><\/p>\n<p><img loading=\"lazy\" decoding=\"async\" class=\"size-medium wp-image-390044 alignleft\" src=\"http:\/\/universalchurchusa.org\/es\/wp-content\/uploads\/sites\/6\/2026\/03\/\u00bfNadie-mira-mis-esfuerzos-2-300x300.jpg\" alt=\"\" width=\"300\" height=\"300\" srcset=\"https:\/\/universalchurchusa.org\/es\/wp-content\/uploads\/sites\/6\/2026\/03\/\u00bfNadie-mira-mis-esfuerzos-2-300x300.jpg 300w, https:\/\/universalchurchusa.org\/es\/wp-content\/uploads\/sites\/6\/2026\/03\/\u00bfNadie-mira-mis-esfuerzos-2-1024x1024.jpg 1024w, https:\/\/universalchurchusa.org\/es\/wp-content\/uploads\/sites\/6\/2026\/03\/\u00bfNadie-mira-mis-esfuerzos-2-150x150.jpg 150w, https:\/\/universalchurchusa.org\/es\/wp-content\/uploads\/sites\/6\/2026\/03\/\u00bfNadie-mira-mis-esfuerzos-2-768x768.jpg 768w, https:\/\/universalchurchusa.org\/es\/wp-content\/uploads\/sites\/6\/2026\/03\/\u00bfNadie-mira-mis-esfuerzos-2-132x132.jpg 132w, https:\/\/universalchurchusa.org\/es\/wp-content\/uploads\/sites\/6\/2026\/03\/\u00bfNadie-mira-mis-esfuerzos-2-318x318.jpg 318w, https:\/\/universalchurchusa.org\/es\/wp-content\/uploads\/sites\/6\/2026\/03\/\u00bfNadie-mira-mis-esfuerzos-2.jpg 1080w\" sizes=\"auto, (max-width: 300px) 100vw, 300px\" \/>Edgar McCall es uno de muchos que, desafortunadamente, lo han perdido todo. \u00c9l explica que desde hace un a\u00f1o y medio ha estado viviendo en las calles. Se deprimi\u00f3 despu\u00e9s de perder su trabajo.<\/p>\n<p>Pero no es que no lo haya intentado. Dice que, cuando vio su situaci\u00f3n, tambi\u00e9n fue a la escuela para hacerse enfermero, pero no tuvo \u00e9xito. Es decir, trat\u00f3 y trat\u00f3; aunque puso esfuerzo, nada le dio resultado.<\/p>\n<p>Esto lo hizo sentirse a\u00fan m\u00e1s solo, hasta que un d\u00eda decidi\u00f3 caminar por la vecindad.<img loading=\"lazy\" decoding=\"async\" class=\"aligncenter wp-image-390018 size-full\" src=\"http:\/\/universalchurchusa.org\/es\/wp-content\/uploads\/sites\/6\/2026\/03\/11.jpg\" alt=\"\" width=\"1920\" height=\"1080\" srcset=\"https:\/\/universalchurchusa.org\/es\/wp-content\/uploads\/sites\/6\/2026\/03\/11.jpg 1920w, https:\/\/universalchurchusa.org\/es\/wp-content\/uploads\/sites\/6\/2026\/03\/11-300x169.jpg 300w, https:\/\/universalchurchusa.org\/es\/wp-content\/uploads\/sites\/6\/2026\/03\/11-1024x576.jpg 1024w, https:\/\/universalchurchusa.org\/es\/wp-content\/uploads\/sites\/6\/2026\/03\/11-768x432.jpg 768w, https:\/\/universalchurchusa.org\/es\/wp-content\/uploads\/sites\/6\/2026\/03\/11-1536x864.jpg 1536w, https:\/\/universalchurchusa.org\/es\/wp-content\/uploads\/sites\/6\/2026\/03\/11-318x179.jpg 318w\" sizes=\"auto, (max-width: 1920px) 100vw, 1920px\" \/><\/p>\n<p style=\"text-align: center;\">Durante la entrevista, \u00e9l le dijo a la reportera:<\/p>\n<p style=\"text-align: center;\"><span style=\"color: #000000;\"><strong>\u201cYo siento que nadie mira mis esfuerzos, y pienso que muchos de los que viven aqu\u00ed en la calle se sienten igual\u201d.<\/strong><\/span><\/p>\n<p>Tambi\u00e9n explic\u00f3 que lo \u00fanico que lo hace seguir adelante y lo mantiene motivado es la idea de que el ma\u00f1ana va a ser mejor. Incluso coment\u00f3 que a\u00fan est\u00e1 descubriendo lo que es tener una relaci\u00f3n con Dios y que, con la ayuda que recibe del proyecto<span style=\"color: #333399;\"> <strong data-start=\"481\" data-end=\"504\">\u00c1ngeles de la Noche<\/strong><\/span>, ha podido salir de la depresi\u00f3n que sent\u00eda antes. Aun as\u00ed, sigue buscando un nuevo ma\u00f1ana.<\/p>\n<p>Son almas como la de Edgar por las que no nos podemos cansar de hacer el bien.<img loading=\"lazy\" decoding=\"async\" class=\"aligncenter wp-image-390028 size-full\" src=\"http:\/\/universalchurchusa.org\/es\/wp-content\/uploads\/sites\/6\/2026\/03\/21.jpg\" alt=\"\" width=\"1920\" height=\"1080\" srcset=\"https:\/\/universalchurchusa.org\/es\/wp-content\/uploads\/sites\/6\/2026\/03\/21.jpg 1920w, https:\/\/universalchurchusa.org\/es\/wp-content\/uploads\/sites\/6\/2026\/03\/21-300x169.jpg 300w, https:\/\/universalchurchusa.org\/es\/wp-content\/uploads\/sites\/6\/2026\/03\/21-1024x576.jpg 1024w, https:\/\/universalchurchusa.org\/es\/wp-content\/uploads\/sites\/6\/2026\/03\/21-768x432.jpg 768w, https:\/\/universalchurchusa.org\/es\/wp-content\/uploads\/sites\/6\/2026\/03\/21-1536x864.jpg 1536w, https:\/\/universalchurchusa.org\/es\/wp-content\/uploads\/sites\/6\/2026\/03\/21-318x179.jpg 318w\" sizes=\"auto, (max-width: 1920px) 100vw, 1920px\" \/><\/p>\n<p style=\"text-align: center;\">Por eso la Biblia dice as\u00ed:<\/p>\n<p style=\"text-align: center;\"><span style=\"color: #333399;\"><strong><em>\u201cNo nos cansemos de hacer el bien, porque a su debido tiempo cosecharemos si no nos damos por vencidos\u201d<\/em><\/strong> <\/span>(G\u00e1latas 6:9).<\/p>\n<p>Parte de esa cosecha es ver c\u00f3mo personas, como Edgar, descubren que necesitan a Dios.<\/p>\n<p>Por eso no nos podemos cansar. El Se\u00f1or mira nuestros esfuerzos, que pronto dar\u00e1n fruto y se convertir\u00e1n en una gran bendici\u00f3n.<img loading=\"lazy\" decoding=\"async\" class=\"aligncenter wp-image-385369 size-full\" src=\"http:\/\/universalchurchusa.org\/es\/wp-content\/uploads\/sites\/6\/2024\/09\/Screen-Shot-2024-09-11-at-11.52.38-AM.jpg\" alt=\"\" width=\"1483\" height=\"1080\" srcset=\"https:\/\/universalchurchusa.org\/es\/wp-content\/uploads\/sites\/6\/2024\/09\/Screen-Shot-2024-09-11-at-11.52.38-AM.jpg 1483w, https:\/\/universalchurchusa.org\/es\/wp-content\/uploads\/sites\/6\/2024\/09\/Screen-Shot-2024-09-11-at-11.52.38-AM-300x218.jpg 300w, https:\/\/universalchurchusa.org\/es\/wp-content\/uploads\/sites\/6\/2024\/09\/Screen-Shot-2024-09-11-at-11.52.38-AM-1024x746.jpg 1024w, https:\/\/universalchurchusa.org\/es\/wp-content\/uploads\/sites\/6\/2024\/09\/Screen-Shot-2024-09-11-at-11.52.38-AM-768x559.jpg 768w, https:\/\/universalchurchusa.org\/es\/wp-content\/uploads\/sites\/6\/2024\/09\/Screen-Shot-2024-09-11-at-11.52.38-AM-318x232.jpg 318w\" sizes=\"auto, (max-width: 1483px) 100vw, 1483px\" \/><\/p>\n<p style=\"text-align: center;\">Es con esta fe que cada semana, el proyecto<span style=\"color: #333399;\"><em><strong> \u00c1ngeles de la Noche<\/strong><\/em><\/span> sale a ayudar a personas en necesidad, ofreciendo comida, ropa y, sobre todo, una palabra de fe. Nos reunimos en el <span style=\"color: #333399;\"><em><strong>Santuario de la Familia de Dios<\/strong><\/em><\/span> y salimos al<span style=\"color: #333399;\"><em><strong> Parque MacArthur los martes a las 6:30 p. m.<\/strong><\/em><\/span> y <em><strong><span style=\"color: #333399;\">los domingos a la 1:00 p. m.<\/span><\/strong><\/em><\/p>\n<p style=\"text-align: center;\">Si desea participar, vis\u00edtenos en<span style=\"color: #333399;\"> <strong><em>625 S Bonnie Brae St, Los \u00c1ngeles, CA 90057<\/em><\/strong><\/span>, o ll\u00e1menos al <span style=\"color: #333399;\"><em><strong>(800) 581-4141.<\/strong><\/em><\/span><\/p>\n","protected":false},"excerpt":{"rendered":"<p>\u00bfPor qu\u00e9 parece que nadie ve mis esfuerzos? Edgar McCall es uno de muchos que, desafortunadamente, lo han perdido todo. \u00c9l explica que desde hace un a\u00f1o y medio ha estado viviendo en las calles. Se deprimi\u00f3 despu\u00e9s de perder su trabajo. Pero no es que no lo haya intentado. Dice que, cuando vio su [&hellip;]<\/p>\n","protected":false},"author":291,"featured_media":390041,"comment_status":"closed","ping_status":"open","sticky":false,"template":"","format":"standard","meta":{"footnotes":""},"categories":[28846],"tags":[],"site":[18871],"class_list":["post-390007","post","type-post","status-publish","format-standard","has-post-thumbnail","hentry","category-proyecto-social","site-noticias-de-la-iglesia"],"amp_enabled":true,"_links":{"self":[{"href":"https:\/\/universalchurchusa.org\/es\/wp-json\/wp\/v2\/posts\/390007","targetHints":{"allow":["GET"]}}],"collection":[{"href":"https:\/\/universalchurchusa.org\/es\/wp-json\/wp\/v2\/posts"}],"about":[{"href":"https:\/\/universalchurchusa.org\/es\/wp-json\/wp\/v2\/types\/post"}],"author":[{"embeddable":true,"href":"https:\/\/universalchurchusa.org\/es\/wp-json\/wp\/v2\/users\/291"}],"replies":[{"embeddable":true,"href":"https:\/\/universalchurchusa.org\/es\/wp-json\/wp\/v2\/comments?post=390007"}],"version-history":[{"count":4,"href":"https:\/\/universalchurchusa.org\/es\/wp-json\/wp\/v2\/posts\/390007\/revisions"}],"predecessor-version":[{"id":390046,"href":"https:\/\/universalchurchusa.org\/es\/wp-json\/wp\/v2\/posts\/390007\/revisions\/390046"}],"wp:featuredmedia":[{"embeddable":true,"href":"https:\/\/universalchurchusa.org\/es\/wp-json\/wp\/v2\/media\/390041"}],"wp:attachment":[{"href":"https:\/\/universalchurchusa.org\/es\/wp-json\/wp\/v2\/media?parent=390007"}],"wp:term":[{"taxonomy":"category","embeddable":true,"href":"https:\/\/universalchurchusa.org\/es\/wp-json\/wp\/v2\/categories?post=390007"},{"taxonomy":"post_tag","embeddable":true,"href":"https:\/\/universalchurchusa.org\/es\/wp-json\/wp\/v2\/tags?post=390007"},{"taxonomy":"site","embeddable":true,"href":"https:\/\/universalchurchusa.org\/es\/wp-json\/wp\/v2\/site?post=390007"}],"curies":[{"name":"wp","href":"https:\/\/api.w.org\/{rel}","templated":true}]}}