{"id":387551,"date":"2025-05-02T17:56:15","date_gmt":"2025-05-03T00:56:15","guid":{"rendered":"https:\/\/universalchurchusa.org\/es\/?p=387551"},"modified":"2025-05-02T18:46:20","modified_gmt":"2025-05-03T01:46:20","slug":"la-amista","status":"publish","type":"post","link":"http:\/\/universalchurchusa.org\/es\/noticias-de-la-iglesia\/post\/la-amista\/","title":{"rendered":"La Amistad"},"content":{"rendered":"<p style=\"text-align: center;\"><em>En el \u00faltimo art\u00edculo reflexionamos sobre lo positivo y las bendiciones en nuestras vidas. En esta ocasi\u00f3n, hablaremos sobre las amistades que debemos cuidar.<\/em><\/p>\n<p>Antes que todo, quiero que sepa que, si una amistad no concuerda con su fe, simplemente no es una amistad saludable ni para usted ni para la otra persona, porque siempre habr\u00e1 conflictos relacionados con la fe. Esto no significa que uno no deba tener amistades, pero s\u00ed que uno tiene la necesidad de amistades dentro de la fe. Es por esa raz\u00f3n que el Se\u00f1or nos ense\u00f1a a vivir una fe congregada, para que podamos ayudarnos unos a otros como verdaderos hermanos en la fe.<\/p>\n<p style=\"text-align: center;\"><strong>Reflexione sobre la siguiente pregunta de la semana:<\/strong><\/p>\n<h1 style=\"text-align: center;\"><span style=\"color: #333399;\"><strong>10. \u00bfCu\u00e1les amistades debe cuidar y fortalecer?<\/strong><\/span><\/h1>\n<p>La Palabra nos ense\u00f1a as\u00ed sobre este tema:<\/p>\n<p><strong><em>\u201cEl que anda con sabios ser\u00e1 sabio, pero el compa\u00f1ero de los necios sufrir\u00e1 da\u00f1o\u201d<\/em><\/strong> (Proverbios 13:20).<\/p>\n<p>En otras palabras, con qui\u00e9n compartimos nuestro caminar es de suma importancia, porque algunas amistades pueden debilitar nuestra fe. La verdadera amistad siempre comienza con el Se\u00f1or, y aquellas personas que \u00c9l pone en nuestro camino son regalos que \u00c9l ha escogido cuidadosamente para nuestro bien espiritual.<\/p>\n<p>El mundo siempre nos va a ofrecer amistades que desv\u00edan y debilitan nuestra fe. Muchos hemos sufrido por esa amistad que no queremos dejar ir por costumbre, aunque sabemos que no nos hace bien. Esa amistad no se trata de una falta de cari\u00f1o, sino de que nos empuja a hacer el mal o a tomar decisiones de las que, eventualmente, terminamos arrepinti\u00e9ndonos. Y no hablamos del tipo de arrepentimiento que nace del deseo de pedirle perd\u00f3n a Dios, sino de aquel que llega cuando uno cae en una situaci\u00f3n en la que nunca quiso estar.<\/p>\n<h1 style=\"text-align: center;\"><span style=\"color: #333399;\"><strong>Pero, \u00bfcu\u00e1l es el prop\u00f3sito de la amistad en la fe?<\/strong><\/span><\/h1>\n<p style=\"text-align: justify;\">La Palabra nos dice:<\/p>\n<p><strong><em>\u201cEn todo tiempo ama el amigo, y el hermano nace para tiempo de angustia\u201d<\/em><\/strong> (Proverbios 17:17).<\/p>\n<p>El prop\u00f3sito de una amistad en la fe es que podamos fortalecernos unos a otros. Todos vamos a tener momentos de angustia o momentos en los que ser\u00e1 dif\u00edcil ver la perspectiva de Dios. Pero es en esos momentos cuando, si uno tiene una amistad en la fe, esa persona podr\u00e1 brindarle un buen testimonio o una sugerencia basada en la Palabra, porque todos pasamos por diferentes situaciones en todo momento. Usted tambi\u00e9n va a servirle a alguien como un amigo en la fe.<\/p>\n<p style=\"text-align: center;\"><strong>Reflexione:<\/strong><\/p>\n<h1 style=\"text-align: center;\"><span style=\"color: #333399;\"><strong>\u00bfSer\u00e1 que uno se est\u00e1 juntando con amistades que desean su bienestar en Dios?<\/strong><\/span><\/h1>\n<p>Recu\u00e9rdese que, si una amistad no est\u00e1 alineada con lo de Dios, es posible que esa amistad no le haga bien. Las amistades puras y sobrenaturales provienen de Dios.<\/p>\n<h1 style=\"text-align: center;\"><span style=\"color: #333399;\"><strong>El Se\u00f1or tambi\u00e9n es nuestro fiel amigo.<\/strong><\/span><\/h1>\n<p style=\"text-align: center;\"><strong>Si le gusta esta serie, por favor s\u00edgala, comenzando con la primera:<\/strong>\u00a0<span style=\"color: #333399;\"><a style=\"color: #333399;\" href=\"https:\/\/universalchurchusa.org\/es\/noticias-de-la-iglesia\/post\/15-preguntas-sobre-el-cambio-total\/\"><em><strong>15 Preguntas sobre el Cambio Total<\/strong><\/em><\/a><\/span><\/p>\n<p style=\"text-align: center;\">La d\u00e9cima parte de nuestra serie: <a href=\"https:\/\/universalchurchusa.org\/es\/noticias-de-la-iglesia\/post\/lo-positivo\/\"><span style=\"color: #333399;\"><strong>Lo Positivo<\/strong><\/span><\/a><\/p>\n","protected":false},"excerpt":{"rendered":"<p>En el \u00faltimo art\u00edculo reflexionamos sobre lo positivo y las bendiciones en nuestras vidas. En esta ocasi\u00f3n, hablaremos sobre las amistades que debemos cuidar. Antes que todo, quiero que sepa que, si una amistad no concuerda con su fe, simplemente no es una amistad saludable ni para usted ni para la otra persona, porque siempre [&hellip;]<\/p>\n","protected":false},"author":291,"featured_media":387562,"comment_status":"closed","ping_status":"open","sticky":false,"template":"","format":"standard","meta":{"footnotes":""},"categories":[28853],"tags":[],"site":[18871],"class_list":["post-387551","post","type-post","status-publish","format-standard","has-post-thumbnail","hentry","category-noticias-de-la-universal","site-noticias-de-la-iglesia"],"amp_enabled":true,"_links":{"self":[{"href":"https:\/\/universalchurchusa.org\/es\/wp-json\/wp\/v2\/posts\/387551","targetHints":{"allow":["GET"]}}],"collection":[{"href":"https:\/\/universalchurchusa.org\/es\/wp-json\/wp\/v2\/posts"}],"about":[{"href":"https:\/\/universalchurchusa.org\/es\/wp-json\/wp\/v2\/types\/post"}],"author":[{"embeddable":true,"href":"https:\/\/universalchurchusa.org\/es\/wp-json\/wp\/v2\/users\/291"}],"replies":[{"embeddable":true,"href":"https:\/\/universalchurchusa.org\/es\/wp-json\/wp\/v2\/comments?post=387551"}],"version-history":[{"count":5,"href":"https:\/\/universalchurchusa.org\/es\/wp-json\/wp\/v2\/posts\/387551\/revisions"}],"predecessor-version":[{"id":387563,"href":"https:\/\/universalchurchusa.org\/es\/wp-json\/wp\/v2\/posts\/387551\/revisions\/387563"}],"wp:featuredmedia":[{"embeddable":true,"href":"https:\/\/universalchurchusa.org\/es\/wp-json\/wp\/v2\/media\/387562"}],"wp:attachment":[{"href":"https:\/\/universalchurchusa.org\/es\/wp-json\/wp\/v2\/media?parent=387551"}],"wp:term":[{"taxonomy":"category","embeddable":true,"href":"https:\/\/universalchurchusa.org\/es\/wp-json\/wp\/v2\/categories?post=387551"},{"taxonomy":"post_tag","embeddable":true,"href":"https:\/\/universalchurchusa.org\/es\/wp-json\/wp\/v2\/tags?post=387551"},{"taxonomy":"site","embeddable":true,"href":"https:\/\/universalchurchusa.org\/es\/wp-json\/wp\/v2\/site?post=387551"}],"curies":[{"name":"wp","href":"https:\/\/api.w.org\/{rel}","templated":true}]}}