{"id":387143,"date":"2025-03-28T14:09:03","date_gmt":"2025-03-28T21:09:03","guid":{"rendered":"https:\/\/universalchurchusa.org\/es\/?p=387143"},"modified":"2025-03-28T15:00:05","modified_gmt":"2025-03-28T22:00:05","slug":"quiebra-el-yugo","status":"publish","type":"post","link":"http:\/\/universalchurchusa.org\/es\/noticias-de-la-iglesia\/post\/quiebra-el-yugo\/","title":{"rendered":"\u00a1Quiebra el Yugo!"},"content":{"rendered":"<p>Muchos, en este momento, se encuentran bajo una carga opresiva que los agobia, les priva de sus derechos, los llena de miedo y busca controlarlos emocionalmente. Esta opresi\u00f3n dominante es conocida como el yugo. El yugo literal era una herramienta o instrumento que se colocaba sobre los hombros de los bueyes para arar la tierra, sembrar y llevar cargas muy pesadas. Desafortunadamente, muchos hoy en d\u00eda se encuentran cargando un yugo de opresi\u00f3n y necesitan una liberaci\u00f3n espiritual para experimentar descanso y paz en todos los aspectos de la vida.<\/p>\n<h1 style=\"text-align: center;\"><span style=\"color: #333399;\"><strong>Pero, \u00bfC\u00f3mo se pude liberar uno de este yugo de opresi\u00f3n?<\/strong><\/span><\/h1>\n<p>La Palabra nos ense\u00f1a as\u00ed: <em><strong>\u201cY acontecer\u00e1 en aquel d\u00eda\u00bb \u2014declara el Se\u00f1or de los ej\u00e9rcitos\u2014 \u00abque quebrar\u00e9 el yugo de su cerviz y romper\u00e9 sus coyundas, y extra\u00f1os no lo esclavizar\u00e1n m\u00e1s\u201d<\/strong><\/em> (Jerem\u00edas 30:8). Aunque uno intente quitarse el yugo \u2014y tal vez lo logre\u2014, no significa que pueda quebrarlo. Es decir, no significa que ha sido verdaderamente liberado, porque solo el Se\u00f1or puede romper el yugo y conceder la verdadera liberaci\u00f3n.<\/p>\n<p>Todos los viernes estaremos realizando la unci\u00f3n sobre los hombros y el cuello para Quebrar\u00a0el Yugo. Tambi\u00e9n estaremos orando por su liberaci\u00f3n. Aunque la persona se encuentre perdida, oprimida, deprimida o est\u00e9 sufriendo cualquier tipo de problema, a trav\u00e9s de la fe, el yugo ser\u00e1 quebrado. Usted ser\u00e1 liberado de todo y podr\u00e1 tener comuni\u00f3n con Dios, para no seguir oprimido por los problemas, sino ser bendecido por \u00c9l.<\/p>\n<p style=\"text-align: center;\">Usted ser\u00e1 nuestro invitado para recibir esta unci\u00f3n del <span style=\"color: #ff6600;\">&#8220;<\/span><em><strong><span style=\"color: #ff6600;\">\u00a1Quiebra el Yugo!<\/span>&#8220;<\/strong><\/em>\u00a0los viernes a las 7 a.m., <em><strong><span style=\"color: #ff6600;\">especialmente a las 10 a.m<\/span>.<\/strong><\/em>, 4 p.m. y 7 p.m., en la Universal ubicada en el <span style=\"color: #ff6600;\"><em><strong>625 S Bonnie Brae St, Los \u00c1ngeles, CA 90057<\/strong><\/em><\/span>, o en la Universal m\u00e1s cercana a usted.<\/p>\n<h1 style=\"text-align: center;\"><img loading=\"lazy\" decoding=\"async\" class=\"aligncenter wp-image-385369 size-full\" src=\"http:\/\/universalchurchusa.org\/es\/wp-content\/uploads\/sites\/6\/2024\/09\/Screen-Shot-2024-09-11-at-11.52.38-AM.jpg\" alt=\"\" width=\"1483\" height=\"1080\" srcset=\"https:\/\/universalchurchusa.org\/es\/wp-content\/uploads\/sites\/6\/2024\/09\/Screen-Shot-2024-09-11-at-11.52.38-AM.jpg 1483w, https:\/\/universalchurchusa.org\/es\/wp-content\/uploads\/sites\/6\/2024\/09\/Screen-Shot-2024-09-11-at-11.52.38-AM-300x218.jpg 300w, https:\/\/universalchurchusa.org\/es\/wp-content\/uploads\/sites\/6\/2024\/09\/Screen-Shot-2024-09-11-at-11.52.38-AM-1024x746.jpg 1024w, https:\/\/universalchurchusa.org\/es\/wp-content\/uploads\/sites\/6\/2024\/09\/Screen-Shot-2024-09-11-at-11.52.38-AM-768x559.jpg 768w, https:\/\/universalchurchusa.org\/es\/wp-content\/uploads\/sites\/6\/2024\/09\/Screen-Shot-2024-09-11-at-11.52.38-AM-318x232.jpg 318w\" sizes=\"auto, (max-width: 1483px) 100vw, 1483px\" \/><span style=\"color: #333399;\"><strong>Sea bienvenido a recibir lo que Dios ha preparado para usted.<\/strong><\/span><\/h1>\n<section class=\"position-relative conteudo-interna\">Ubique la Universal m\u00e1s cercana a usted:\u00a0<span style=\"color: #333399;\"><a style=\"color: #333399;\" href=\"https:\/\/universalchurchusa.org\/es\/direcciones\/\"><strong>Direcciones<\/strong><\/a><\/span><\/section>\n<section class=\"position-relative conteudo-interna\">Si usted tiene una pregunta o le gustar\u00eda una orientaci\u00f3n:<strong>\u00a0<\/strong><span style=\"color: #333399;\"><a style=\"color: #333399;\" href=\"https:\/\/www.universalchurchusa.org\/es\/fale-conosco\/\"><strong>Cont\u00e1ctenos<\/strong><\/a><\/span><\/section>\n<section class=\"position-relative conteudo-interna\">Si le gustar\u00eda a\u00f1adir su nombre y el de su familia en el libro de oraci\u00f3n:\u00a0<span style=\"color: #333399;\"><a style=\"color: #333399;\" href=\"https:\/\/www.universalchurchusa.org\/es\/libro-de-oraciones\/\"><strong>Libro de Oraci\u00f3n<\/strong><\/a><\/span><\/section>\n<section class=\"position-relative conteudo-interna\">Regrese a la p\u00e1gina principal:\u00a0<span style=\"color: #333399;\"><a style=\"color: #333399;\" href=\"https:\/\/www.universalchurchusa.org\/es\/\"><strong>P\u00e1gina Principal<\/strong><\/a><\/span><\/section>\n<section class=\"position-relative conteudo-interna\">Alimente su fe:\u00a0<span style=\"color: #333399;\"><a style=\"color: #333399;\" href=\"https:\/\/viviendoporlafe.com\/\"><strong>Viviendo por la Fe<\/strong><\/a><\/span><\/section>\n","protected":false},"excerpt":{"rendered":"<p>Muchos, en este momento, se encuentran bajo una carga opresiva que los agobia, les priva de sus derechos, los llena de miedo y busca controlarlos emocionalmente. Esta opresi\u00f3n dominante es conocida como el yugo. El yugo literal era una herramienta o instrumento que se colocaba sobre los hombros de los bueyes para arar la tierra, [&hellip;]<\/p>\n","protected":false},"author":291,"featured_media":387149,"comment_status":"closed","ping_status":"open","sticky":false,"template":"","format":"standard","meta":{"footnotes":""},"categories":[28848,28853],"tags":[],"site":[18871],"class_list":["post-387143","post","type-post","status-publish","format-standard","has-post-thumbnail","hentry","category-eventos-especiales","category-noticias-de-la-universal","site-noticias-de-la-iglesia"],"amp_enabled":true,"_links":{"self":[{"href":"https:\/\/universalchurchusa.org\/es\/wp-json\/wp\/v2\/posts\/387143","targetHints":{"allow":["GET"]}}],"collection":[{"href":"https:\/\/universalchurchusa.org\/es\/wp-json\/wp\/v2\/posts"}],"about":[{"href":"https:\/\/universalchurchusa.org\/es\/wp-json\/wp\/v2\/types\/post"}],"author":[{"embeddable":true,"href":"https:\/\/universalchurchusa.org\/es\/wp-json\/wp\/v2\/users\/291"}],"replies":[{"embeddable":true,"href":"https:\/\/universalchurchusa.org\/es\/wp-json\/wp\/v2\/comments?post=387143"}],"version-history":[{"count":7,"href":"https:\/\/universalchurchusa.org\/es\/wp-json\/wp\/v2\/posts\/387143\/revisions"}],"predecessor-version":[{"id":387152,"href":"https:\/\/universalchurchusa.org\/es\/wp-json\/wp\/v2\/posts\/387143\/revisions\/387152"}],"wp:featuredmedia":[{"embeddable":true,"href":"https:\/\/universalchurchusa.org\/es\/wp-json\/wp\/v2\/media\/387149"}],"wp:attachment":[{"href":"https:\/\/universalchurchusa.org\/es\/wp-json\/wp\/v2\/media?parent=387143"}],"wp:term":[{"taxonomy":"category","embeddable":true,"href":"https:\/\/universalchurchusa.org\/es\/wp-json\/wp\/v2\/categories?post=387143"},{"taxonomy":"post_tag","embeddable":true,"href":"https:\/\/universalchurchusa.org\/es\/wp-json\/wp\/v2\/tags?post=387143"},{"taxonomy":"site","embeddable":true,"href":"https:\/\/universalchurchusa.org\/es\/wp-json\/wp\/v2\/site?post=387143"}],"curies":[{"name":"wp","href":"https:\/\/api.w.org\/{rel}","templated":true}]}}