{"id":386706,"date":"2025-02-20T08:50:39","date_gmt":"2025-02-20T16:50:39","guid":{"rendered":"https:\/\/universalchurchusa.org\/es\/?p=386706"},"modified":"2025-02-20T08:50:39","modified_gmt":"2025-02-20T16:50:39","slug":"el-lucero-de-la-manana","status":"publish","type":"post","link":"http:\/\/universalchurchusa.org\/es\/noticias-de-la-iglesia\/post\/el-lucero-de-la-manana\/","title":{"rendered":"El Lucero de la Ma\u00f1ana"},"content":{"rendered":"<p><span style=\"font-weight: 400;\">Yo, Jes\u00fas, he enviado a Mi \u00e1ngel a fin de daros testimonio de <\/span><span style=\"font-weight: 400;\">estas cosas para las iglesias. Yo soy la ra\u00edz y la descendencia <\/span><span style=\"font-weight: 400;\">de David, el lucero resplandeciente de la ma\u00f1ana.<\/span><span style=\"font-weight: 400;\">\u2014 Apocalipsis 22:16<\/span><\/p>\n<p><span style=\"font-weight: 400;\">\u201cYo, Jes\u00fas (\u2026)\u201d\u2014 nuestro Se\u00f1or reafirma en estas \u00faltimas l\u00edneas <\/span><span style=\"font-weight: 400;\">del Apocalipsis que \u00c9l es el Autor de las profec\u00edas en este libro. Es <\/span><span style=\"font-weight: 400;\">una forma de certificar su veracidad y dar certeza de que ser\u00e1n <\/span><span style=\"font-weight: 400;\">cumplidas. Por eso, la recomendaci\u00f3n de testificar estas palabras <\/span><span style=\"font-weight: 400;\">en las iglesias, para que todos los siervos est\u00e9n conscientes y nadie <\/span><span style=\"font-weight: 400;\">pueda alegar ignorancia sobre ellas.<\/span><\/p>\n<p><span style=\"font-weight: 400;\">Yo soy la ra\u00edz y la descendencia de David (\u2026)\u201d\u2014 aqu\u00ed el Se\u00f1or <\/span><span style=\"font-weight: 400;\">Jes\u00fas Se identifica como el que cumpli\u00f3 la profec\u00eda de Isa\u00edas sobre <\/span><span style=\"font-weight: 400;\">el Mes\u00edas. Lamentablemente, los jud\u00edos a\u00fan esperan por Aquel que <\/span><span style=\"font-weight: 400;\">ya vino. Si tan solo miraran con atenci\u00f3n las Escrituras\u2026 Sobre <\/span><span style=\"font-weight: 400;\">esto, el Se\u00f1or Jes\u00fas ya los hab\u00eda alertado cara a cara: <\/span><span style=\"font-weight: 400;\">Est\u00e1is equivocados por no comprender las Escrituras ni el <\/span><span style=\"font-weight: 400;\">poder de Dios. \u2014 Mateo 22:29<\/span><\/p>\n<p><span style=\"font-weight: 400;\">Quien no se esfuerza para conocer, entender y practicar las <\/span><span style=\"font-weight: 400;\">palabras de Dios siempre se equivocar\u00e1 en la vida y ser\u00e1 llevado <\/span><span style=\"font-weight: 400;\">por el enga\u00f1o de los falsos. Eso les traer\u00e1 un profundo sufrimiento <\/span><span style=\"font-weight: 400;\">en la vida, y finalmente les costar\u00e1 la salvaci\u00f3n. No se olvide: \u00a1la <\/span><span style=\"font-weight: 400;\">ignorancia no ser\u00e1 aceptada como excusa!<\/span><\/p>\n<p><span style=\"font-weight: 400;\">(\u2026) Lucero resplandeciente de la ma\u00f1ana\u201d \u2014 un nuevo d\u00eda <\/span><span style=\"font-weight: 400;\">estar\u00e1 comenzando, la tan esperada eternidad de la cual disfrutar\u00e1n <\/span><span style=\"font-weight: 400;\">los salvos. Por eso, nuestro Se\u00f1or Se identifica como el Lucero de <\/span><span style=\"font-weight: 400;\">la Ma\u00f1ana, que inaugura un nuevo d\u00eda. Esto no se aplica solo a <\/span><span style=\"font-weight: 400;\">este momento venidero en la historia de la humanidad. \u00a1El Se\u00f1or <\/span><span style=\"font-weight: 400;\">Jes\u00fas es el Lucero de la Ma\u00f1ana para todos los que actualmente <\/span><span style=\"font-weight: 400;\">creen en \u00c9l! Su creencia y entrega total al Se\u00f1or Jes\u00fas Le permitir\u00e1n <\/span><span style=\"font-weight: 400;\">inaugurar un nuevo d\u00eda en su vida. Todo puede hacerse nuevo para <\/span><span style=\"font-weight: 400;\">usted. \u00a1Su pasado m\u00e1s oscuro no es capaz de ofuscar al Lucero <\/span><span style=\"font-weight: 400;\">Resplandeciente de la Ma\u00f1ana!<\/span><\/p>\n<p><span style=\"font-weight: 400;\">As\u00ed como este estudio est\u00e1 llegando al fin, tal vez su oportunidad <\/span><span style=\"font-weight: 400;\">de recomenzar se est\u00e9 agotando. \u00bfPor qu\u00e9 no aprovecha ahora y Le <\/span><span style=\"font-weight: 400;\">pide a \u00c9l que Se torne el Lucero de la Ma\u00f1ana en su vida?<\/span><\/p>\n<p>Libro: La Tierra va a Prenderse Fuego<\/p>\n<p>Autor: Obispo Renato Cardoso<\/p>\n","protected":false},"excerpt":{"rendered":"<p>Yo, Jes\u00fas, he enviado a Mi \u00e1ngel a fin de daros testimonio de estas cosas para las iglesias. Yo soy la ra\u00edz y la descendencia de David, el lucero resplandeciente de la ma\u00f1ana.\u2014 Apocalipsis 22:16 \u201cYo, Jes\u00fas (\u2026)\u201d\u2014 nuestro Se\u00f1or reafirma en estas \u00faltimas l\u00edneas del Apocalipsis que \u00c9l es el Autor de las profec\u00edas [&hellip;]<\/p>\n","protected":false},"author":290,"featured_media":386707,"comment_status":"closed","ping_status":"open","sticky":false,"template":"","format":"standard","meta":{"footnotes":""},"categories":[28846],"tags":[28901,28908,5758,7736,28861],"site":[18871],"class_list":["post-386706","post","type-post","status-publish","format-standard","has-post-thumbnail","hentry","category-proyecto-social","tag-apocalipsis","tag-biblia","tag-dios","tag-fe","tag-lea","site-noticias-de-la-iglesia"],"amp_enabled":true,"_links":{"self":[{"href":"https:\/\/universalchurchusa.org\/es\/wp-json\/wp\/v2\/posts\/386706","targetHints":{"allow":["GET"]}}],"collection":[{"href":"https:\/\/universalchurchusa.org\/es\/wp-json\/wp\/v2\/posts"}],"about":[{"href":"https:\/\/universalchurchusa.org\/es\/wp-json\/wp\/v2\/types\/post"}],"author":[{"embeddable":true,"href":"https:\/\/universalchurchusa.org\/es\/wp-json\/wp\/v2\/users\/290"}],"replies":[{"embeddable":true,"href":"https:\/\/universalchurchusa.org\/es\/wp-json\/wp\/v2\/comments?post=386706"}],"version-history":[{"count":1,"href":"https:\/\/universalchurchusa.org\/es\/wp-json\/wp\/v2\/posts\/386706\/revisions"}],"predecessor-version":[{"id":386708,"href":"https:\/\/universalchurchusa.org\/es\/wp-json\/wp\/v2\/posts\/386706\/revisions\/386708"}],"wp:featuredmedia":[{"embeddable":true,"href":"https:\/\/universalchurchusa.org\/es\/wp-json\/wp\/v2\/media\/386707"}],"wp:attachment":[{"href":"https:\/\/universalchurchusa.org\/es\/wp-json\/wp\/v2\/media?parent=386706"}],"wp:term":[{"taxonomy":"category","embeddable":true,"href":"https:\/\/universalchurchusa.org\/es\/wp-json\/wp\/v2\/categories?post=386706"},{"taxonomy":"post_tag","embeddable":true,"href":"https:\/\/universalchurchusa.org\/es\/wp-json\/wp\/v2\/tags?post=386706"},{"taxonomy":"site","embeddable":true,"href":"https:\/\/universalchurchusa.org\/es\/wp-json\/wp\/v2\/site?post=386706"}],"curies":[{"name":"wp","href":"https:\/\/api.w.org\/{rel}","templated":true}]}}