{"id":386025,"date":"2025-01-24T14:27:02","date_gmt":"2025-01-24T22:27:02","guid":{"rendered":"https:\/\/universalchurchusa.org\/es\/?p=386025"},"modified":"2025-01-24T14:27:11","modified_gmt":"2025-01-24T22:27:11","slug":"15-preguntas-sobre-el-cambio-total","status":"publish","type":"post","link":"http:\/\/universalchurchusa.org\/es\/noticias-de-la-iglesia\/post\/15-preguntas-sobre-el-cambio-total\/","title":{"rendered":"15 Preguntas sobre el Cambio Total"},"content":{"rendered":"<p style=\"text-align: center;\"><em>El a\u00f1o est\u00e1 comenzando, y tal vez uno est\u00e1 pensando en lo nuevo que viene y en lo viejo que est\u00e1 por salir. Nuevas metas, aventuras, trabajo; al final, cuando uno est\u00e1 comenzando el a\u00f1o nuevo, suele decir que intentar\u00e1 cambiar varias cosas en su vida.<\/em><\/p>\n<p>Pero, \u00bfcu\u00e1ntas veces ha intentado cambiar algo en su vida e incluso lo plane\u00f3 c\u00f3mo lo iba a hacer, y nada cambi\u00f3?<\/p>\n<p>Es por esta raz\u00f3n que el Se\u00f1or Dios siempre ha predicado la Palabra del cambio total, porque \u00c9l quiere darle el cambio que uno busca. La Palabra nos revela as\u00ed: <strong><em>\u201cAhora dice el Se\u00f1or a su pueblo: \u00abYa no recuerdes el ayer, no pienses m\u00e1s en cosas del pasado. Yo voy a hacer algo nuevo, y ver\u00e1s que ahora mismo va a aparecer. Voy a abrir un camino en el desierto y r\u00edos en la tierra est\u00e9ril\u00bb\u201d<\/em><\/strong> (Isa\u00edas 43:18-19). Seg\u00fan la Palabra, el Se\u00f1or nos pide que dejemos el pasado atr\u00e1s para que \u00c9l obre no solo cosas nuevas, sino tambi\u00e9n lo imposible en nuestra vida. Pero ese es el detalle clave: para que algo imposible y nuevo entre en su vida, uno tiene que dejar el pasado atr\u00e1s.<\/p>\n<p><strong>Reflexione sobre estas preguntas:<\/strong><\/p>\n<ol>\n<li>\u00bfQu\u00e9 hiciste diferente este a\u00f1o que pas\u00f3 que te dio un buen resultado?<\/li>\n<li>\u00bfQu\u00e9 hiciste que fue bueno para ti?<\/li>\n<li>\u00bfQu\u00e9 hiciste que fue bueno para tu familia?<\/li>\n<li>\u00bfQu\u00e9 hiciste que fue bueno para tu salud?<\/li>\n<li>\u00bfQu\u00e9 hiciste que fue bueno para tu trabajo?<\/li>\n<li>\u00bfQu\u00e9 hiciste que fue bueno para tu vida espiritual?<\/li>\n<\/ol>\n<p>El Se\u00f1or quiere que uno vea la diferencia en todas las \u00e1reas de su vida. Pero, para que haya una diferencia debe haber entrega y fe.<\/p>\n<p><strong>No siga cargando los errores que cometi\u00f3; mejor aprenda de ellos.<\/strong><\/p>\n<ol start=\"7\">\n<li>\u00bfQu\u00e9 hiciste este a\u00f1o que pas\u00f3 que termin\u00f3 siendo negativo para ti?<\/li>\n<li>\u00bfQu\u00e9 actitud, pensamiento, etc., debes dejar atr\u00e1s para seguir tu vida adelante?<\/li>\n<li>\u00bfQui\u00e9nes sumaron cosas positivas en tu vida este a\u00f1o que pas\u00f3?<\/li>\n<li>\u00bfCu\u00e1les amistades debes cuidar y fortalecer?<\/li>\n<li>\u00bfCu\u00e1les amistades o conocidos sumaron cosas negativas a tu vida?<\/li>\n<li>\u00bfTerminaste el a\u00f1o que pas\u00f3 con resentimientos hacia alguien?<\/li>\n<li>\u00bfQu\u00e9 h\u00e1bitos debes cambiar?<\/li>\n<li>\u00bfQu\u00e9 objetivos te propusiste y no alcanzaste?<\/li>\n<\/ol>\n<p>Todo es moment\u00e1neo, pero el Se\u00f1or es eterno. Esto significa que \u00c9l siempre quiere darle a uno lo eterno. La Palabra nos ense\u00f1a as\u00ed: <strong><em>\u201cEn cambio, la clase de fruto que el Esp\u00edritu Santo produce en nuestra vida es: amor, alegr\u00eda, paz, paciencia, gentileza, bondad, fidelidad, humildad y control propio. \u00a1No existen leyes contra esas cosas!\u201d<\/em><\/strong> (G\u00e1latas 5:22-23). Seg\u00fan la Palabra, cuando el Se\u00f1or nos bautiza con el Esp\u00edritu Santo, nos da amor, alegr\u00eda, paz, paciencia, gentileza, bondad, fidelidad, humildad y dominio propio eternos. Esto significa que uno es uno con \u00c9l y que \u00c9l obra en todo lo que hacemos en nuestra vida con abundancia.<\/p>\n<h1 style=\"text-align: center;\">15.\u00bfSer\u00e1 que tienes lo eterno en tu vida? Si no, \u00bfqu\u00e9 puedes hacer para tenerlo?<\/h1>\n<p>Si a\u00fan no est\u00e1s bautizado en las aguas, este puede ser el momento para empezar a ver lo eterno en tu vida. Dios no desea que te sientas forzado, pero Su bendici\u00f3n llega a quienes creen y tienen fe en su poder transformador. \u00c9l est\u00e1 esperando para darte el cambio total que tanto anhelas, porque Su Palabra nunca cambia y Sus promesas siempre se cumplen.<\/p>\n<p>Recuerda, \u00c9l es el Se\u00f1or de las Promesas, y siempre hace Su parte; ahora, depende de ti hacer la tuya. Reflexiona y medita en la Palabra compartida aqu\u00ed. Deja atr\u00e1s el pasado, cree y ten fe en \u00c9l, para que as\u00ed puedas experimentar el cambio completo que tu vida necesita y recibir lo eterno.<\/p>\n<h1 style=\"text-align: center;\"><a href=\"https:\/\/universalchurchusa.org\/es\/noticias-de-la-iglesia\/post\/la-envidia\/\"><span style=\"color: #333399;\">\u00a1Temor y Temblor!<\/span><\/a><\/h1>\n<p><img loading=\"lazy\" decoding=\"async\" class=\"aligncenter wp-image-385369 size-full\" src=\"http:\/\/universalchurchusa.org\/es\/wp-content\/uploads\/sites\/6\/2024\/09\/Screen-Shot-2024-09-11-at-11.52.38-AM.jpg\" alt=\"\" width=\"1483\" height=\"1080\" srcset=\"https:\/\/universalchurchusa.org\/es\/wp-content\/uploads\/sites\/6\/2024\/09\/Screen-Shot-2024-09-11-at-11.52.38-AM.jpg 1483w, https:\/\/universalchurchusa.org\/es\/wp-content\/uploads\/sites\/6\/2024\/09\/Screen-Shot-2024-09-11-at-11.52.38-AM-300x218.jpg 300w, https:\/\/universalchurchusa.org\/es\/wp-content\/uploads\/sites\/6\/2024\/09\/Screen-Shot-2024-09-11-at-11.52.38-AM-1024x746.jpg 1024w, https:\/\/universalchurchusa.org\/es\/wp-content\/uploads\/sites\/6\/2024\/09\/Screen-Shot-2024-09-11-at-11.52.38-AM-768x559.jpg 768w, https:\/\/universalchurchusa.org\/es\/wp-content\/uploads\/sites\/6\/2024\/09\/Screen-Shot-2024-09-11-at-11.52.38-AM-318x232.jpg 318w\" sizes=\"auto, (max-width: 1483px) 100vw, 1483px\" \/><\/p>\n<p>Si le gustar\u00eda saber m\u00e1s sobre temas como el <em><span style=\"color: #ff9900;\">Cambio Total<\/span><\/em>, por favor acomp\u00e1\u00f1enos los domingos a las <strong><em>7 a.m., principalmente a las 10 a.m., 3 p.m. y 6 p.m.<\/em><\/strong>, en la Universal ubicada en la <em><strong>625 S Bonnie Brae St, Los \u00c1ngeles, CA 90057<\/strong><\/em>, o en la Universal m\u00e1s cercana a usted.<\/p>\n<section class=\"position-relative conteudo-interna\">Ubique la Universal m\u00e1s cercana a usted:\u00a0<span style=\"color: #333399;\"><a style=\"color: #333399;\" href=\"https:\/\/universalchurchusa.org\/es\/direcciones\/\"><strong>Direcciones<\/strong><\/a><\/span><\/section>\n<section class=\"position-relative conteudo-interna\">Si usted tiene una pregunta o le gustar\u00eda una orientaci\u00f3n:<strong>\u00a0<\/strong><span style=\"color: #333399;\"><a style=\"color: #333399;\" href=\"https:\/\/www.universalchurchusa.org\/es\/fale-conosco\/\"><strong>Cont\u00e1ctenos<\/strong><\/a><\/span><\/section>\n<section class=\"position-relative conteudo-interna\">Si le gustar\u00eda a\u00f1adir su nombre y el de su familia en el libro de oraci\u00f3n:\u00a0<span style=\"color: #333399;\"><a style=\"color: #333399;\" href=\"https:\/\/www.universalchurchusa.org\/es\/libro-de-oraciones\/\"><strong>Libro de Oraci\u00f3n<\/strong><\/a><\/span><\/section>\n<section class=\"position-relative conteudo-interna\">Regrese a la p\u00e1gina principal:\u00a0<span style=\"color: #333399;\"><a style=\"color: #333399;\" href=\"https:\/\/www.universalchurchusa.org\/es\/\"><strong>P\u00e1gina Principal<\/strong><\/a><\/span><\/section>\n<section class=\"position-relative conteudo-interna\">Alimente su fe:\u00a0<span style=\"color: #333399;\"><a style=\"color: #333399;\" href=\"https:\/\/viviendoporlafe.com\/\"><strong>Viviendo por la Fe<\/strong><\/a><\/span><\/section>\n","protected":false},"excerpt":{"rendered":"<p>El a\u00f1o est\u00e1 comenzando, y tal vez uno est\u00e1 pensando en lo nuevo que viene y en lo viejo que est\u00e1 por salir. Nuevas metas, aventuras, trabajo; al final, cuando uno est\u00e1 comenzando el a\u00f1o nuevo, suele decir que intentar\u00e1 cambiar varias cosas en su vida. Pero, \u00bfcu\u00e1ntas veces ha intentado cambiar algo en su [&hellip;]<\/p>\n","protected":false},"author":291,"featured_media":386027,"comment_status":"closed","ping_status":"open","sticky":false,"template":"","format":"standard","meta":{"footnotes":""},"categories":[28848,28853],"tags":[],"site":[18871],"class_list":["post-386025","post","type-post","status-publish","format-standard","has-post-thumbnail","hentry","category-eventos-especiales","category-noticias-de-la-universal","site-noticias-de-la-iglesia"],"amp_enabled":true,"_links":{"self":[{"href":"https:\/\/universalchurchusa.org\/es\/wp-json\/wp\/v2\/posts\/386025","targetHints":{"allow":["GET"]}}],"collection":[{"href":"https:\/\/universalchurchusa.org\/es\/wp-json\/wp\/v2\/posts"}],"about":[{"href":"https:\/\/universalchurchusa.org\/es\/wp-json\/wp\/v2\/types\/post"}],"author":[{"embeddable":true,"href":"https:\/\/universalchurchusa.org\/es\/wp-json\/wp\/v2\/users\/291"}],"replies":[{"embeddable":true,"href":"https:\/\/universalchurchusa.org\/es\/wp-json\/wp\/v2\/comments?post=386025"}],"version-history":[{"count":1,"href":"https:\/\/universalchurchusa.org\/es\/wp-json\/wp\/v2\/posts\/386025\/revisions"}],"predecessor-version":[{"id":386028,"href":"https:\/\/universalchurchusa.org\/es\/wp-json\/wp\/v2\/posts\/386025\/revisions\/386028"}],"wp:featuredmedia":[{"embeddable":true,"href":"https:\/\/universalchurchusa.org\/es\/wp-json\/wp\/v2\/media\/386027"}],"wp:attachment":[{"href":"https:\/\/universalchurchusa.org\/es\/wp-json\/wp\/v2\/media?parent=386025"}],"wp:term":[{"taxonomy":"category","embeddable":true,"href":"https:\/\/universalchurchusa.org\/es\/wp-json\/wp\/v2\/categories?post=386025"},{"taxonomy":"post_tag","embeddable":true,"href":"https:\/\/universalchurchusa.org\/es\/wp-json\/wp\/v2\/tags?post=386025"},{"taxonomy":"site","embeddable":true,"href":"https:\/\/universalchurchusa.org\/es\/wp-json\/wp\/v2\/site?post=386025"}],"curies":[{"name":"wp","href":"https:\/\/api.w.org\/{rel}","templated":true}]}}