{"id":384115,"date":"2024-05-23T03:13:58","date_gmt":"2024-05-23T10:13:58","guid":{"rendered":"https:\/\/universalchurchusa.org\/es\/?p=384115"},"modified":"2024-05-23T03:13:58","modified_gmt":"2024-05-23T10:13:58","slug":"el-fruto-del-espiritu-santo-la-mansedumbre","status":"publish","type":"post","link":"http:\/\/universalchurchusa.org\/es\/noticias-de-la-iglesia\/post\/el-fruto-del-espiritu-santo-la-mansedumbre\/","title":{"rendered":"El Fruto del Esp\u00edritu Santo: La Mansedumbre"},"content":{"rendered":"<p>Te equivocaste en el trabajo y tu gerente general te lo se\u00f1al\u00f3, pero t\u00fa no lo ves as\u00ed. Adem\u00e1s, \u00e9l tiene todos los comprobantes para instruirte y orientarte. Aun as\u00ed, esto no te agrada y empiezas a discutir con el gerente. Le dices a tu gerente que deber\u00eda hacer su trabajo mejor y enfocarse en los dem\u00e1s porque t\u00fa sabes lo que est\u00e1s haciendo. Tu gerente te explica que solo te quer\u00eda hablar de manera amable para que aprendieras y no te equivocaras en otra ocasi\u00f3n. Aun as\u00ed, lo ignoras, hablas sobre \u00e9l y le dices que t\u00fa fuiste a la universidad para este trabajo.<\/p>\n<p>Tu gerente se frustra, te manda a casa y te dice que ser\u00eda mejor que reflexiones sobre la situaci\u00f3n. Tomas tus cosas y te vas a casa, aun as\u00ed, menospreciando a tu gerente.<\/p>\n<p>En ese momento, te volviste arrogante, mi amigo\/a.<\/p>\n<h1>\u00bfQu\u00e9 es la Mansedumbre?<\/h1>\n<p>La mansedumbre es un atributo de comportamiento humano que consiste en ser humilde y sumiso de temperamento. En algunos casos, la mansedumbre se puede ver como tomar \u00f3rdenes sin protestar. Como el ejemplo al principio del art\u00edculo, el gerente solo quer\u00eda dar un consejo, pero la otra persona se cre\u00eda m\u00e1s educada y lista que el gerente. Si la persona solo hubiera tenido un poco de paciencia y humildad, se habr\u00eda dado cuenta de que el gerente no estaba enojado, solo quer\u00eda ense\u00f1arle al empleado para mejorar su trabajo.<\/p>\n<p>Pero la mansedumbre se acaba en la vida, especialmente sin orientaci\u00f3n.<\/p>\n<h1>Pero, \u00bfQu\u00e9 es la Mansedumbre Verdadera?<\/h1>\n<p><strong><em>Ese don es exaltado en la tercera bienaventuranza; una cualidad del car\u00e1cter de aquellos que han de heredar la Tierra<\/em><\/strong> (Mateo 5:5).<\/p>\n<p>La Mansedumbre es el resultado de una real humildad, debido al reconocimiento del valor ajeno y, como consecuencia, del despojo de uno mismo. Es decir, de la eventual superioridad.<\/p>\n<p>Para el mundo cruel en el que vivimos, esa cualidad es despreciada frente a la sociedad corrupta. Pero cuando se tiene ese don es porque la persona parte de la \u00fanica fuente de la gracia, que es Dios. En la Mansedumbre, vemos una sumisi\u00f3n respetuosa del esp\u00edritu humano al Esp\u00edritu de Dios, y tambi\u00e9n al propio hombre.<\/p>\n<p>El m\u00e1s grande ejemplo de Mansedumbre en la Biblia aparte del propio Se\u00f1or Jes\u00fas, es Mois\u00e9s.<\/p>\n<p><strong><em>&#8220;Mois\u00e9s era un hombre muy manso, m\u00e1s que todos los hombres que hab\u00eda sobre la tierra&#8221; <\/em><\/strong>(N\u00fameros 12:3).<\/p>\n<p>Y en este mismo cap\u00edtulo comprobamos el Esp\u00edritu Manso de Mois\u00e9s, que formaba parte de su car\u00e1cter y que le impidi\u00f3 tomar medidas contra Miriam y Aar\u00f3n cuando estos comenzaron a fomentar la rebeli\u00f3n del pueblo contra \u00e9l. La manera c\u00f3mo Mois\u00e9s actu\u00f3 frente a aquella situaci\u00f3n lo hizo victorioso y honrado por el propio Dios. (N\u00fameros 12:4-8).<\/p>\n<p>Por otro lado, vemos el ejemplo del ap\u00f3stol Pedro, que estuvo al lado del Se\u00f1or Jes\u00fas en sus tres a\u00f1os y medio de ministerio. Pedro ten\u00eda actitudes contrarias a la Mansedumbre. Y cuando sucedi\u00f3 la prisi\u00f3n del Se\u00f1or Jes\u00fas, sac\u00f3 la espada que tra\u00eda consigo e hiri\u00f3 al siervo del sumo sacerdote, cort\u00e1ndole la oreja, e inmediatamente recibi\u00f3 una reprensi\u00f3n de parte del Maestro:<\/p>\n<p><strong><em>Entonces Jes\u00fas le dijo: &#8220;Vuelve tu espada a su sitio, porque todos los que tomen la espada, a espada perecer\u00e1n&#8221;<\/em><\/strong> (Mateo 26:52).<\/p>\n<p>Quiere decir que Pedro cre\u00eda que sus reacciones deb\u00edan ser de la misma medida que las acciones de los otros contra \u00e9l. No me sorprende, por lo tanto, que \u00e9l mismo, despu\u00e9s de tantas lecciones pr\u00e1cticas y desarrollo espiritual, pudiese escribir:<\/p>\n<p><strong><em>\u201cSino que sea lo que procede de lo \u00edntimo del coraz\u00f3n, con el adorno incorruptible de un esp\u00edritu tierno y sereno, lo cual es precioso delante de Dios&#8221;<\/em><\/strong> (1 Pedro 3:4).<\/p>\n<p>Adem\u00e1s, lo que aprendemos ahora, te\u00f3ricamente, tarde o temprano deberemos practicarlo. Si continuamos desarrollando nuestra fe. Por otra parte, es necesario despojarnos, de inmediato, de nuestras &#8220;espadas&#8221;, antes de ser consumidos por ellas. El cristiano celoso de su fe siempre busca presentarse frente a este mundo con &#8220;el buen perfume de Cristo&#8221;, es decir, a trav\u00e9s de su conducta digna y sencilla, hacen mostrar al aut\u00e9ntico seguidor del Se\u00f1or Jes\u00fas. Estas cualidades cristianas enriquecen. \u00bfDe qu\u00e9 servir\u00eda predicar la Palabra de Dios, orar por los enfermos y los que padecen, participar de vigilias, ayunar y todo lo que constituye la obra de Dios, si las actitudes son acompa\u00f1adas por una &#8220;espada&#8221; que en cualquier momento puede herir al otro?<\/p>\n<p>Si usted o alguien que conoce desea encontrar\u00a0 la <span style=\"color: #ff6600;\">Mansedumbre Verdadera<\/span>, acomp\u00e1\u00f1enos los mi\u00e9rcoles con el estudio del Fruto del Esp\u00edritu Santo a las <strong>7am, 10am, 4pm, principalmente 7pm <\/strong>en el <strong>625 S Bonnie Brae St, Los \u00c1ngeles, CA 90057<\/strong> o en la Universal m\u00e1s cercana a usted.<\/p>\n<p>Ubique la Universal m\u00e1s cercana a usted:\u00a0<span style=\"color: #333399;\"><a style=\"color: #333399;\" href=\"https:\/\/universalchurchusa.org\/es\/direcciones\/\"><strong>Direcciones<\/strong><\/a><\/span><\/p>\n<p>Si usted tiene una pregunta o le gustar\u00eda una orientaci\u00f3n:<strong>\u00a0<\/strong><span style=\"color: #333399;\"><a style=\"color: #333399;\" href=\"https:\/\/www.universalchurchusa.org\/es\/fale-conosco\/\"><strong>Cont\u00e1ctenos<\/strong><\/a><\/span><\/p>\n<p>Si le gustar\u00eda a\u00f1adir su nombre y el de su familia en el libro de oraci\u00f3n:\u00a0<span style=\"color: #333399;\"><a style=\"color: #333399;\" href=\"https:\/\/www.universalchurchusa.org\/es\/libro-de-oraciones\/\"><strong>Libro de Oraci\u00f3n<\/strong><\/a><\/span><\/p>\n<p>Regrese a la p\u00e1gina principal:\u00a0<span style=\"color: #333399;\"><a style=\"color: #333399;\" href=\"https:\/\/www.universalchurchusa.org\/es\/\"><strong>P\u00e1gina Principal<\/strong><\/a><\/span><\/p>\n<section class=\"position-relative conteudo-interna\">Alimente su fe:\u00a0<span style=\"color: #333399;\"><a style=\"color: #333399;\" href=\"https:\/\/viviendoporlafe.com\/\"><strong>Viviendo por la Fe<\/strong><\/a><\/span><\/section>\n","protected":false},"excerpt":{"rendered":"<p>Te equivocaste en el trabajo y tu gerente general te lo se\u00f1al\u00f3, pero t\u00fa no lo ves as\u00ed. Adem\u00e1s, \u00e9l tiene todos los comprobantes para instruirte y orientarte. Aun as\u00ed, esto no te agrada y empiezas a discutir con el gerente. Le dices a tu gerente que deber\u00eda hacer su trabajo mejor y enfocarse en [&hellip;]<\/p>\n","protected":false},"author":291,"featured_media":383802,"comment_status":"closed","ping_status":"open","sticky":false,"template":"","format":"standard","meta":{"footnotes":""},"categories":[28848,28853],"tags":[18960,28865,28861,13372,28884],"site":[18871],"class_list":["post-384115","post","type-post","status-publish","format-standard","has-post-thumbnail","hentry","category-eventos-especiales","category-noticias-de-la-universal","tag-bendicion","tag-espiritu-santo","tag-lea","tag-palabra-de-dios","tag-salvacion","site-noticias-de-la-iglesia"],"amp_enabled":true,"_links":{"self":[{"href":"https:\/\/universalchurchusa.org\/es\/wp-json\/wp\/v2\/posts\/384115","targetHints":{"allow":["GET"]}}],"collection":[{"href":"https:\/\/universalchurchusa.org\/es\/wp-json\/wp\/v2\/posts"}],"about":[{"href":"https:\/\/universalchurchusa.org\/es\/wp-json\/wp\/v2\/types\/post"}],"author":[{"embeddable":true,"href":"https:\/\/universalchurchusa.org\/es\/wp-json\/wp\/v2\/users\/291"}],"replies":[{"embeddable":true,"href":"https:\/\/universalchurchusa.org\/es\/wp-json\/wp\/v2\/comments?post=384115"}],"version-history":[{"count":2,"href":"https:\/\/universalchurchusa.org\/es\/wp-json\/wp\/v2\/posts\/384115\/revisions"}],"predecessor-version":[{"id":384119,"href":"https:\/\/universalchurchusa.org\/es\/wp-json\/wp\/v2\/posts\/384115\/revisions\/384119"}],"wp:featuredmedia":[{"embeddable":true,"href":"https:\/\/universalchurchusa.org\/es\/wp-json\/wp\/v2\/media\/383802"}],"wp:attachment":[{"href":"https:\/\/universalchurchusa.org\/es\/wp-json\/wp\/v2\/media?parent=384115"}],"wp:term":[{"taxonomy":"category","embeddable":true,"href":"https:\/\/universalchurchusa.org\/es\/wp-json\/wp\/v2\/categories?post=384115"},{"taxonomy":"post_tag","embeddable":true,"href":"https:\/\/universalchurchusa.org\/es\/wp-json\/wp\/v2\/tags?post=384115"},{"taxonomy":"site","embeddable":true,"href":"https:\/\/universalchurchusa.org\/es\/wp-json\/wp\/v2\/site?post=384115"}],"curies":[{"name":"wp","href":"https:\/\/api.w.org\/{rel}","templated":true}]}}