{"id":383309,"date":"2024-03-11T10:08:33","date_gmt":"2024-03-11T17:08:33","guid":{"rendered":"https:\/\/universalchurchusa.org\/es\/?p=383309"},"modified":"2024-03-11T10:08:33","modified_gmt":"2024-03-11T17:08:33","slug":"un-angel-predica-el-evangelio","status":"publish","type":"post","link":"http:\/\/universalchurchusa.org\/es\/noticias-de-la-iglesia\/post\/un-angel-predica-el-evangelio\/","title":{"rendered":"Un \u00e1ngel predica el Evangelio"},"content":{"rendered":"<p><strong><em>\u201cY vi volar en medio del cielo\u00a0a otro \u00e1ngel que ten\u00eda un evangelio eterno para anunciarlo\u00a0a los que moran en la tierra, y a toda naci\u00f3n, tribu, lengua y pueblo,\u00a0diciendo a gran voz: Temed a Dios\u00a0y dadle gloria, porque la hora de su juicio ha llegado; adorad al que hizo el cielo y la tierra, el mar\u00a0y las fuentes de las aguas\u201d.<\/em><\/strong> (Apocalipsis 14:6-7).<\/p>\n<p>La palabra \u201cevangelio\u201d significa \u201cbuenas noticias\u201d o \u201cbuenas nuevas\u201d. En el contexto b\u00edblico, consiste en el plan de salvaci\u00f3n que el Dios Padre realiz\u00f3 a trav\u00e9s de Su Hijo, d\u00e1ndoles a todos la oportunidad de pasar la eternidad con \u00c9l en vez de perecer para siempre en el lago de fuego.<\/p>\n<p>Todo ser humano tiene un alma, adem\u00e1s de un cuerpo f\u00edsico y un esp\u00edritu (aliento de vida) que mantiene la trinidad humana. En la muerte, el cuerpo vuelve a la tierra y se convierte en polvo, como lo era originalmente; y el esp\u00edritu vuelve a Dios. Pero el alma, \u00bfhacia d\u00f3nde va? En toda la Biblia, Dios afirma de varias formas que el alma sigue viva despu\u00e9s de la muerte. Pero esta continuidad solo puede suceder de una de las dos formas:<\/p>\n<p>*El alma sufrir\u00e1 la segunda muerte, que es la eternidad en tormentos y lejos de Dios.<\/p>\n<p>*El alma ser\u00e1 recibida en el Reino de Dios para una nueva vida, celestial, sin dolor, sin l\u00e1grimas, sin ning\u00fan sufrimiento y sin muerte.<\/p>\n<p>La primera mala noticia es que todos los que pecaron ser\u00e1n pasibles de la segunda muerte. Y la segunda mala noticia es que todos han pecado\u2026<\/p>\n<p>Es aqu\u00ed donde entra la buena noticia del Evangelio: todo aquel que crea en el Se\u00f1or Jes\u00fas como \u00danico Se\u00f1or y Salvador de su alma, sea bautizado y viva esta creencia en la pr\u00e1ctica hasta la muerte tendr\u00e1 la vida eterna. Quien no crea, ser\u00e1 condenado. Si usted est\u00e1 recibiendo esta buena noticia hoy y no decide creer en la pr\u00e1ctica, sepa que, si muere sin esta decisi\u00f3n, no tendr\u00e1 oportunidad de salvaci\u00f3n.<\/p>\n<p>Continuar\u00e1\u2026<\/p>\n<p><em>Libro: La Tierra va a Prenderse Fuego<\/em><\/p>\n<p><em>Autor: Obispo Renato Cardoso<\/em><\/p>\n<p>Si le interesa lea tambi\u00e9n:\u00a0<a href=\"https:\/\/universalchurchusa.org\/es\/noticias-de-la-iglesia\/post\/la-mentira-y-el-engano-parte-ii\"><strong>La mentira y el enga\u00f1o Parte II<\/strong><\/a><\/p>\n<p>Ubique la Universal m\u00e1s cercana a usted:\u00a0<a href=\"https:\/\/universalchurchusa.org\/es\/direcciones\/\"><strong>Direcciones<\/strong><\/a><\/p>\n<p>Si usted tiene una pregunta o le gustar\u00eda una orientaci\u00f3n:\u00a0<a href=\"https:\/\/universalchurchusa.org\/es\/contactenos\/\"><strong>Cont\u00e1ctenos<\/strong><\/a><\/p>\n<p>Si usted le gustar\u00eda a\u00f1adir su nombre y el de su familia en el libro de oraci\u00f3n:\u00a0<a href=\"https:\/\/universalchurchusa.org\/es\/libro-de-oraciones\/\"><strong>Libro de Oraci\u00f3n<\/strong><\/a><\/p>\n<p>Regrese a la p\u00e1gina principal:\u00a0<a href=\"https:\/\/universalchurchusa.org\/es\/\"><strong>P\u00e1gina Principal<\/strong><\/a><\/p>\n<p>Alimente su esp\u00edritu, leyendo mensajes de fe para su edificaci\u00f3n espiritual:\u00a0<a href=\"https:\/\/viviendoporlafe.com\/\"><strong>Viviendo por la Fe<\/strong><\/a><\/p>\n","protected":false},"excerpt":{"rendered":"<p>\u201cY vi volar en medio del cielo\u00a0a otro \u00e1ngel que ten\u00eda un evangelio eterno para anunciarlo\u00a0a los que moran en la tierra, y a toda naci\u00f3n, tribu, lengua y pueblo,\u00a0diciendo a gran voz: Temed a Dios\u00a0y dadle gloria, porque la hora de su juicio ha llegado; adorad al que hizo el cielo y la tierra, [&hellip;]<\/p>\n","protected":false},"author":290,"featured_media":383310,"comment_status":"closed","ping_status":"open","sticky":false,"template":"","format":"standard","meta":{"footnotes":""},"categories":[28846],"tags":[28901,28908,13372,16859,29008],"site":[18871],"class_list":["post-383309","post","type-post","status-publish","format-standard","has-post-thumbnail","hentry","category-proyecto-social","tag-apocalipsis","tag-biblia","tag-palabra-de-dios","tag-sufrimiento","tag-tribulacion","site-noticias-de-la-iglesia"],"amp_enabled":true,"_links":{"self":[{"href":"https:\/\/universalchurchusa.org\/es\/wp-json\/wp\/v2\/posts\/383309","targetHints":{"allow":["GET"]}}],"collection":[{"href":"https:\/\/universalchurchusa.org\/es\/wp-json\/wp\/v2\/posts"}],"about":[{"href":"https:\/\/universalchurchusa.org\/es\/wp-json\/wp\/v2\/types\/post"}],"author":[{"embeddable":true,"href":"https:\/\/universalchurchusa.org\/es\/wp-json\/wp\/v2\/users\/290"}],"replies":[{"embeddable":true,"href":"https:\/\/universalchurchusa.org\/es\/wp-json\/wp\/v2\/comments?post=383309"}],"version-history":[{"count":1,"href":"https:\/\/universalchurchusa.org\/es\/wp-json\/wp\/v2\/posts\/383309\/revisions"}],"predecessor-version":[{"id":383311,"href":"https:\/\/universalchurchusa.org\/es\/wp-json\/wp\/v2\/posts\/383309\/revisions\/383311"}],"wp:featuredmedia":[{"embeddable":true,"href":"https:\/\/universalchurchusa.org\/es\/wp-json\/wp\/v2\/media\/383310"}],"wp:attachment":[{"href":"https:\/\/universalchurchusa.org\/es\/wp-json\/wp\/v2\/media?parent=383309"}],"wp:term":[{"taxonomy":"category","embeddable":true,"href":"https:\/\/universalchurchusa.org\/es\/wp-json\/wp\/v2\/categories?post=383309"},{"taxonomy":"post_tag","embeddable":true,"href":"https:\/\/universalchurchusa.org\/es\/wp-json\/wp\/v2\/tags?post=383309"},{"taxonomy":"site","embeddable":true,"href":"https:\/\/universalchurchusa.org\/es\/wp-json\/wp\/v2\/site?post=383309"}],"curies":[{"name":"wp","href":"https:\/\/api.w.org\/{rel}","templated":true}]}}