{"id":382124,"date":"2023-11-22T13:38:41","date_gmt":"2023-11-22T21:38:41","guid":{"rendered":"https:\/\/universalchurchusa.org\/es\/?p=382124"},"modified":"2023-11-22T13:38:41","modified_gmt":"2023-11-22T21:38:41","slug":"era-una-persona-timida-y-reservada-que-sufria-de-problemas-de-personalidad","status":"publish","type":"post","link":"http:\/\/universalchurchusa.org\/es\/noticias-de-la-iglesia\/post\/era-una-persona-timida-y-reservada-que-sufria-de-problemas-de-personalidad\/","title":{"rendered":"Era una persona t\u00edmida y reservada que sufr\u00eda de problemas de personalidad"},"content":{"rendered":"<p>Jonathan Rodr\u00edguez era una persona t\u00edmida y reservada que sufr\u00eda de problemas de personalidad los cuales proven\u00edan del hogar, donde sus padres discut\u00edan constantemente haciendo que \u00e9l se sintiera doblegado por tantos gritos. En la escuela trataba de llevar buenas calificaciones, pero se ve\u00eda afectado por los p\u00e9simos compa\u00f1eros quienes lo amedrentaban.<\/p>\n<p>En la cabeza de Jonathan retumbaba la idea de acabar con su vida, al verse agobiado por una vida llena de sufrimiento que llevaba siendo testigo de las discusiones sin fin entre sus padres. Pensaba que aquella podr\u00eda ser una soluci\u00f3n.<\/p>\n<p>De cierta forma se sent\u00eda culpable por los problemas que en su hogar surg\u00edan, por eso lleg\u00f3 a intentar tres veces acabar con la luz de su vida. Usaba las pastillas de su tratamiento para tratar de inducirse una sobredosis, de la cual milagrosamente lograba escapar y huir de la muerte.<\/p>\n<p>Tras estar cerca de su cometido Jonathan reflexion\u00f3 sobre sus acciones y como estas lastimar\u00edan a sus padres y los pondr\u00eda en una situaci\u00f3n apretada al tener que confrontar ese tipo de gastos, fue cuando entendi\u00f3 que aquellos pensamientos suicidas deb\u00edan acabar.<\/p>\n<p>La madre de Jonathan lo llev\u00f3 a la Iglesia Universal donde despu\u00e9s de seguir al pie de la letra las orientaciones dadas se pudo encaminar en la liberaci\u00f3n y despojar de su pecho aquel sentimiento tan amargo y vida reservada que viv\u00eda en \u00e9l haci\u00e9ndole ver lo bello de vivir. A trav\u00e9s de su empe\u00f1o logr\u00f3 cambiar su forma de ser y vencer el hielo de la timidez que lo manten\u00eda aislado.<\/p>\n<p>En la Iglesia Universal Jonathan ha encontrado amigos de verdad con quienes comparte la dicha de contar con la orientaci\u00f3n de Dios y del Esp\u00edritu Santo para la construcci\u00f3n de un futuro mejor y ser mejor persona.<\/p>\n<p>Testimonio Jonathan Rodr\u00edguez.<\/p>\n<p><iframe loading=\"lazy\" title=\"Era una persona t\u00edmida y reservada que sufr\u00eda de problemas de personalidad - Jonathan Rodr\u00edguez\" width=\"500\" height=\"281\" src=\"https:\/\/www.youtube.com\/embed\/1C7P5tzKN5I?feature=oembed\" frameborder=\"0\" allow=\"accelerometer; autoplay; clipboard-write; encrypted-media; gyroscope; picture-in-picture; web-share\" referrerpolicy=\"strict-origin-when-cross-origin\" allowfullscreen><\/iframe><\/p>\n<p>\u00bfUsted quiere parar de sufrir y no ha logrado ser feliz? \u00bfEst\u00e1 enfrentando problemas en su familia o infelicidad en su vida sentimental o es una persona reservada? Independientemente de los problemas que usted est\u00e9 enfrentando, \u00a1existe una salida! Le extendemos una invitaci\u00f3n especial para el d\u00eda domingo donde es realizada las 7 oraciones de fe y poder determinando la bendici\u00f3n de Dios en todos los aspectos de su vida. No deje ir esta oportunidad y acomp\u00e1\u00f1enos el domingo a las 7am, principalmente 10am, 3pm o 6pm en el 703 S Broadway, Los \u00c1ngeles, CA 90014. Tambi\u00e9n nos puede acompa\u00f1ar a las 9:30am en el 625 S Bonnie Brae St, Los \u00c1ngeles, CA 90057 o en la Universal m\u00e1s cercana a usted.<\/p>\n<p style=\"text-align: center;\"><strong><a href=\"https:\/\/universalchurchusa.org\/es\/noticias-de-la-iglesia\/post\/por-mas-que-lo-intentaba-no-lograba-llenar-aquel-vacio-que-la-carcomia\/\">Lea tambi\u00e9n: Por m\u00e1s que lo intentaba no lograba llenar aquel vac\u00edo que la carcom\u00eda<\/a><\/strong><\/p>\n<p style=\"text-align: center;\"><strong><a href=\"https:\/\/visionlatina.com\/\">Vea m\u00e1s en Visi\u00f3n Latina.<\/a><\/strong><\/p>\n<p style=\"text-align: center;\"><strong><a href=\"https:\/\/www.instagram.com\/iglesiauniversalusa\/?r=nametag\">S\u00edganos en Instagram:\u00a0@iglesiauniversalusa<\/a><\/strong><\/p>\n<p style=\"text-align: center;\"><strong><a href=\"https:\/\/universalchurchusa.org\/es\/contactenos\/\">Cont\u00e1ctenos en este link.<\/a><\/strong><\/p>\n","protected":false},"excerpt":{"rendered":"<p>Jonathan Rodr\u00edguez era una persona t\u00edmida y reservada que sufr\u00eda de problemas de personalidad los cuales proven\u00edan del hogar, donde sus padres discut\u00edan constantemente haciendo que \u00e9l se sintiera doblegado por tantos gritos. En la escuela trataba de llevar buenas calificaciones, pero se ve\u00eda afectado por los p\u00e9simos compa\u00f1eros quienes lo amedrentaban. En la cabeza [&hellip;]<\/p>\n","protected":false},"author":269,"featured_media":382125,"comment_status":"closed","ping_status":"open","sticky":false,"template":"","format":"standard","meta":{"footnotes":""},"categories":[28850],"tags":[18960,5758,28865,19069,7736],"site":[18871],"class_list":["post-382124","post","type-post","status-publish","format-standard","has-post-thumbnail","hentry","category-testimonios","tag-bendicion","tag-dios","tag-espiritu-santo","tag-evangelizacion","tag-fe","site-noticias-de-la-iglesia"],"amp_enabled":true,"_links":{"self":[{"href":"https:\/\/universalchurchusa.org\/es\/wp-json\/wp\/v2\/posts\/382124","targetHints":{"allow":["GET"]}}],"collection":[{"href":"https:\/\/universalchurchusa.org\/es\/wp-json\/wp\/v2\/posts"}],"about":[{"href":"https:\/\/universalchurchusa.org\/es\/wp-json\/wp\/v2\/types\/post"}],"author":[{"embeddable":true,"href":"https:\/\/universalchurchusa.org\/es\/wp-json\/wp\/v2\/users\/269"}],"replies":[{"embeddable":true,"href":"https:\/\/universalchurchusa.org\/es\/wp-json\/wp\/v2\/comments?post=382124"}],"version-history":[{"count":1,"href":"https:\/\/universalchurchusa.org\/es\/wp-json\/wp\/v2\/posts\/382124\/revisions"}],"predecessor-version":[{"id":382126,"href":"https:\/\/universalchurchusa.org\/es\/wp-json\/wp\/v2\/posts\/382124\/revisions\/382126"}],"wp:featuredmedia":[{"embeddable":true,"href":"https:\/\/universalchurchusa.org\/es\/wp-json\/wp\/v2\/media\/382125"}],"wp:attachment":[{"href":"https:\/\/universalchurchusa.org\/es\/wp-json\/wp\/v2\/media?parent=382124"}],"wp:term":[{"taxonomy":"category","embeddable":true,"href":"https:\/\/universalchurchusa.org\/es\/wp-json\/wp\/v2\/categories?post=382124"},{"taxonomy":"post_tag","embeddable":true,"href":"https:\/\/universalchurchusa.org\/es\/wp-json\/wp\/v2\/tags?post=382124"},{"taxonomy":"site","embeddable":true,"href":"https:\/\/universalchurchusa.org\/es\/wp-json\/wp\/v2\/site?post=382124"}],"curies":[{"name":"wp","href":"https:\/\/api.w.org\/{rel}","templated":true}]}}