{"id":381791,"date":"2023-10-26T08:24:23","date_gmt":"2023-10-26T15:24:23","guid":{"rendered":"https:\/\/universalchurchusa.org\/es\/?p=381791"},"modified":"2023-10-26T08:24:23","modified_gmt":"2023-10-26T15:24:23","slug":"por-mas-que-lo-intentaba-no-lograba-llenar-aquel-vacio-que-la-carcomia","status":"publish","type":"post","link":"http:\/\/universalchurchusa.org\/es\/noticias-de-la-iglesia\/post\/por-mas-que-lo-intentaba-no-lograba-llenar-aquel-vacio-que-la-carcomia\/","title":{"rendered":"Por m\u00e1s que lo intentaba no lograba llenar aquel vac\u00edo que la carcom\u00eda"},"content":{"rendered":"<p>Cuando Elizabeth Fari\u00f1a era tan solo una ni\u00f1a sufri\u00f3 un abuso sexual por parte de un miembro de la familia, este tr\u00e1gico evento marc\u00f3 los a\u00f1os por venir en su vida, cada vez que aterrizaba en su mente aquella memoria una parte de ella se marchitaba por dentro. Aparentaba ser una persona feliz, pero por m\u00e1s que lo intentaba no lograba llenar aquel vac\u00edo que la carcom\u00eda por dentro.<\/p>\n<p>Comenz\u00f3 a experimentar con el alcohol hasta incluso prob\u00f3 la marihuana tratando de ocultar las heridas emocionales tomando una actitud err\u00f3nea, pero en el fondo exist\u00eda el recuerdo de aquella tragedia donde una persona maliciosa le hab\u00eda robado su inocencia. Viv\u00eda triste y deprimida, en el colegio se aislaba de los dem\u00e1s puesto que sus inseguridades la llenaban de miedos que no sab\u00eda si era capaz de controlar.<\/p>\n<p>Con su pasado enmarcado en su cabeza sent\u00eda rechazo por los hombres, no sab\u00eda c\u00f3mo actuar cada vez que alguno tratara de ser su amigo. Una amiga le aconsej\u00f3 que sanara su dolor espiritual a trav\u00e9s del dolor f\u00edsico por lo que Elizabeth comenz\u00f3 a realizarse peque\u00f1os cortes en sus brazos pensando que este era una v\u00eda que la sacar\u00eda del fondo del pozo sin saber que solo se hund\u00eda m\u00e1s en este.<\/p>\n<p>La vida dio un giro de 180 grados para Elizabeth cuando recibi\u00f3 una invitaci\u00f3n de su madre para participar en la Iglesia Universal y aunque por un tiempo no se tom\u00f3 la palabra de Dios en serio, decidi\u00f3 que era momento de cambiar, as\u00ed que a trav\u00e9s de la orientaci\u00f3n correcta supo c\u00f3mo entregarse al Esp\u00edritu Santo en su coraz\u00f3n para que la librara de todo mal espiritual.<\/p>\n<p>Gracias a su perseverancia y obediencia a Dios a trav\u00e9s de su palabra logr\u00f3 convertirse en una persona diferente, una quien sonr\u00ede a la vida porque se siente segura de s\u00ed misma.<\/p>\n<p>Elizabeth Fari\u00f1a.<\/p>\n<p><iframe loading=\"lazy\" title=\"Por m\u00e1s que lo intentaba no lograba llenar aquel vac\u00edo que la carcom\u00eda - Elizabeth Fari\u00f1a\" width=\"500\" height=\"281\" src=\"https:\/\/www.youtube.com\/embed\/iUHzYQzgD0Y?feature=oembed\" frameborder=\"0\" allow=\"accelerometer; autoplay; clipboard-write; encrypted-media; gyroscope; picture-in-picture; web-share\" referrerpolicy=\"strict-origin-when-cross-origin\" allowfullscreen><\/iframe><\/p>\n<p>\u00bfUsted quiere parar de sufrir y no ha logrado ser feliz? \u00bfEst\u00e1 enfrentando problemas en su familia o infelicidad en su vida sentimental? Independientemente de los problemas que usted est\u00e9 enfrentando, \u00a1existe una salida! Le extendemos una invitaci\u00f3n especial para el d\u00eda domingo donde es realizada las 7 oraciones de fe y poder determinando la bendici\u00f3n de Dios en todos los aspectos de su vida. No deje ir esta oportunidad y acomp\u00e1\u00f1enos el domingo a las 7am, principalmente 10am, 3pm o 6pm en el 703 S Broadway, Los \u00c1ngeles, CA 90014. Tambi\u00e9n nos puede acompa\u00f1ar a las 9:30am en el 625 S Bonnie Brae St, Los \u00c1ngeles, CA 90057 o en la Universal m\u00e1s cercana a usted.<\/p>\n<p style=\"text-align: center;\"><span style=\"color: #800080;\"><strong><a style=\"color: #800080;\" href=\"https:\/\/universalchurchusa.org\/es\/noticias-de-la-iglesia\/post\/una-profunda-depresion-la-transformo-en-una-mujer-que-no-sabia-expresar-sus-emociones\/\">Lea tambi\u00e9n: Una profunda depresi\u00f3n la transform\u00f3 en una mujer que no sab\u00eda expresar sus emociones<\/a><\/strong><\/span><\/p>\n<p style=\"text-align: center;\"><span style=\"color: #800080;\"><strong><a style=\"color: #800080;\" href=\"https:\/\/visionlatina.com\/\">Vea m\u00e1s en Visi\u00f3n Latina.<\/a><\/strong><\/span><\/p>\n<p style=\"text-align: center;\"><span style=\"color: #800080;\"><strong><a style=\"color: #800080;\" href=\"https:\/\/www.instagram.com\/iglesiauniversalusa\/?r=nametag\">S\u00edganos en Instagram:\u00a0@iglesiauniversalusa<\/a><\/strong><\/span><\/p>\n<p style=\"text-align: center;\"><span style=\"color: #800080;\"><strong><a style=\"color: #800080;\" href=\"https:\/\/universalchurchusa.org\/es\/contactenos\/\">Cont\u00e1ctenos en este link.<\/a><\/strong><\/span><\/p>\n","protected":false},"excerpt":{"rendered":"<p>Cuando Elizabeth Fari\u00f1a era tan solo una ni\u00f1a sufri\u00f3 un abuso sexual por parte de un miembro de la familia, este tr\u00e1gico evento marc\u00f3 los a\u00f1os por venir en su vida, cada vez que aterrizaba en su mente aquella memoria una parte de ella se marchitaba por dentro. Aparentaba ser una persona feliz, pero por [&hellip;]<\/p>\n","protected":false},"author":269,"featured_media":381792,"comment_status":"closed","ping_status":"open","sticky":false,"template":"","format":"standard","meta":{"footnotes":""},"categories":[28850],"tags":[5383,5758,28865,7736,13372],"site":[18871],"class_list":["post-381791","post","type-post","status-publish","format-standard","has-post-thumbnail","hentry","category-testimonios","tag-depresion","tag-dios","tag-espiritu-santo","tag-fe","tag-palabra-de-dios","site-noticias-de-la-iglesia"],"amp_enabled":true,"_links":{"self":[{"href":"https:\/\/universalchurchusa.org\/es\/wp-json\/wp\/v2\/posts\/381791","targetHints":{"allow":["GET"]}}],"collection":[{"href":"https:\/\/universalchurchusa.org\/es\/wp-json\/wp\/v2\/posts"}],"about":[{"href":"https:\/\/universalchurchusa.org\/es\/wp-json\/wp\/v2\/types\/post"}],"author":[{"embeddable":true,"href":"https:\/\/universalchurchusa.org\/es\/wp-json\/wp\/v2\/users\/269"}],"replies":[{"embeddable":true,"href":"https:\/\/universalchurchusa.org\/es\/wp-json\/wp\/v2\/comments?post=381791"}],"version-history":[{"count":1,"href":"https:\/\/universalchurchusa.org\/es\/wp-json\/wp\/v2\/posts\/381791\/revisions"}],"predecessor-version":[{"id":381793,"href":"https:\/\/universalchurchusa.org\/es\/wp-json\/wp\/v2\/posts\/381791\/revisions\/381793"}],"wp:featuredmedia":[{"embeddable":true,"href":"https:\/\/universalchurchusa.org\/es\/wp-json\/wp\/v2\/media\/381792"}],"wp:attachment":[{"href":"https:\/\/universalchurchusa.org\/es\/wp-json\/wp\/v2\/media?parent=381791"}],"wp:term":[{"taxonomy":"category","embeddable":true,"href":"https:\/\/universalchurchusa.org\/es\/wp-json\/wp\/v2\/categories?post=381791"},{"taxonomy":"post_tag","embeddable":true,"href":"https:\/\/universalchurchusa.org\/es\/wp-json\/wp\/v2\/tags?post=381791"},{"taxonomy":"site","embeddable":true,"href":"https:\/\/universalchurchusa.org\/es\/wp-json\/wp\/v2\/site?post=381791"}],"curies":[{"name":"wp","href":"https:\/\/api.w.org\/{rel}","templated":true}]}}