{"id":381170,"date":"2023-08-29T05:09:32","date_gmt":"2023-08-29T12:09:32","guid":{"rendered":"https:\/\/universalchurchusa.org\/es\/?p=381170"},"modified":"2023-09-12T04:28:54","modified_gmt":"2023-09-12T11:28:54","slug":"el-rey-david-la-radionovela","status":"publish","type":"post","link":"http:\/\/universalchurchusa.org\/es\/noticias-de-la-iglesia\/post\/el-rey-david-la-radionovela\/","title":{"rendered":"El Rey David: La radionovela"},"content":{"rendered":"<div><span lang=\"ES\">Sintonice de lunes a viernes<\/span>, por primera vez como radionovela, la exitosa novela <strong>El Rey David<\/strong> en la estaci\u00f3n <strong><em>Radio Visi\u00f3n Latina<\/em><\/strong>, 96.7FM (en Los \u00c1ngeles, California). Usted podr\u00e1 acompa\u00f1ar esta radionovela, a trav\u00e9s del radio o en la app de <strong><em>Radio Visi\u00f3n Latina<\/em><\/strong> en su dispositivo port\u00e1til, que relata la historia sobre uno de los reyes m\u00e1s importantes de Israel. A las 7am y 5pm, horario pacifico, usted podr\u00e1 sintonizar y escuchar esta gran novela b\u00edblica.<\/div>\n<p style=\"font-weight: 400;\">\u00bfDe qu\u00e9 tratar\u00e1 la radionovela <strong>El Rey David<\/strong>?<\/p>\n<p style=\"font-weight: 400;\">Esta telenovela, creada por <em>Record TV<\/em>, est\u00e1 basada en la historia de David, un hombre que dej\u00f3 su marca como rey en la historia de Israel y como un h\u00e9roe de la fe en la fe cristiana. A trav\u00e9s de esta gran producci\u00f3n, los radioyentes podr\u00e1n entender porque, <strong><em>\u201c\u2026Dios tambi\u00e9n testific\u00f3 y dijo: \u00abHe hallado a David,\u00a0hijo\u00a0de Isa\u00ed,\u00a0un hombre conforme a mi coraz\u00f3n, que har\u00e1 toda mi voluntad\u201d<\/em><\/strong> (Hechos 13:22). Se podr\u00e1 entender sobre el proceso que tuvo el joven pastor de ovejas y m\u00fasico com\u00fan y corriente que fue escogido por el propio Dios para ser ungido como el rey de Israel, que tom\u00f3 el trono despu\u00e9s del reino del primer rey de Israel, Sa\u00fal, como podemos ver en 1 y 2 Samuel en el Antiguo Testamento. Entre su historia, escuchar\u00e1 sobre la batalla que tuvo \u00e9l en contra de Goliat, cuando tom\u00f3 el trono de Israel, sus luchas, las victorias y mucho m\u00e1s sobre este h\u00e9roe de la fe.<\/p>\n<p style=\"font-weight: 400;\">\u00bfC\u00f3mo puedo o\u00edr la radionovela <strong>El Rey David<\/strong>?<\/p>\n<p style=\"font-weight: 400;\">Como fue mencionado previamente, los radioyentes podr\u00e1n acompa\u00f1ar esta historia a trav\u00e9s de la estaci\u00f3n de <strong>Radio Visi\u00f3n Latina<\/strong>, 96.7 FM (Los \u00c1ngeles, California). Si usted reside en una ciudad que no sintoniza esta estaci\u00f3n, usted puede adquirir la app <strong>Radio Visi\u00f3n Latina<\/strong> gratuitamente, donde puede bajar la aplicaci\u00f3n en sus aparatos m\u00f3viles y escuchar la radionovela donde se encuentre, incluso internacionalmente. Solo usted necesita estar conectado al internet para poder escuchar la radionovela en la app. Si le gustar\u00eda informarse m\u00e1s sobre la app y c\u00f3mo usted puede bajarlo a su dispositivo m\u00f3vil, ingrese en la siguiente p\u00e1gina web para m\u00e1s informaci\u00f3n: <span style=\"color: #0000ff;\"><strong><a style=\"color: #0000ff;\" href=\"https:\/\/universalchurchusa.org\/es\/noticias-de-la-iglesia\/post\/como-bajar-la-aplicacion-radio-vision-latina-fm\/\">APP RADIO VISI\u00d3N LATINA<\/a><\/strong><\/span><\/p>\n<p style=\"font-weight: 400;\">Ubique la Universal m\u00e1s cercana a usted:\u00a0<a href=\"https:\/\/universalchurchusa.org\/es\/direcciones\/\"><strong><span style=\"color: #0000ff;\">Direcciones<\/span><\/strong><\/a><\/p>\n<p style=\"font-weight: 400;\">Si usted tiene una pregunta o le gustar\u00eda una orientaci\u00f3n:<strong>\u00a0<\/strong><a href=\"https:\/\/www.universalchurchusa.org\/es\/fale-conosco\/\"><strong><span style=\"color: #0000ff;\">Cont\u00e1ctenos<\/span><\/strong><\/a><\/p>\n<p style=\"font-weight: 400;\">Si le gustar\u00eda a\u00f1adir su nombre y el de su familia en el libro de oraci\u00f3n:\u00a0<span style=\"color: #0000ff;\"><a style=\"color: #0000ff;\" href=\"https:\/\/www.universalchurchusa.org\/es\/libro-de-oraciones\/\"><strong>Libro de Oraci\u00f3n<\/strong><\/a><\/span><\/p>\n<p style=\"font-weight: 400;\">Regrese a la p\u00e1gina principal:\u00a0<span style=\"color: #0000ff;\"><a style=\"color: #0000ff;\" href=\"https:\/\/www.universalchurchusa.org\/es\/\"><strong>P\u00e1gina Principal<\/strong><\/a><\/span><\/p>\n<p style=\"font-weight: 400;\">Alimente su esp\u00edritu, leyendo mensajes de fe para su edificaci\u00f3n espiritual:\u00a0<span style=\"color: #0000ff;\"><a style=\"color: #0000ff;\" href=\"https:\/\/viviendoporlafe.com\/\"><strong>Viviendo por la Fe<\/strong><\/a><\/span><\/p>\n","protected":false},"excerpt":{"rendered":"<p>Sintonice de lunes a viernes, por primera vez como radionovela, la exitosa novela El Rey David en la estaci\u00f3n Radio Visi\u00f3n Latina, 96.7FM (en Los \u00c1ngeles, California). Usted podr\u00e1 acompa\u00f1ar esta radionovela, a trav\u00e9s del radio o en la app de Radio Visi\u00f3n Latina en su dispositivo port\u00e1til, que relata la historia sobre uno de [&hellip;]<\/p>\n","protected":false},"author":250,"featured_media":381201,"comment_status":"closed","ping_status":"open","sticky":false,"template":"","format":"standard","meta":{"footnotes":""},"categories":[28889,28847,28853],"tags":[28908,28862,7736,13372,28860],"site":[18871],"class_list":["post-381170","post","type-post","status-publish","format-standard","has-post-thumbnail","hentry","category-media","category-mensajes-de-fe","category-noticias-de-la-universal","tag-biblia","tag-california","tag-fe","tag-palabra-de-dios","tag-vida","site-noticias-de-la-iglesia"],"amp_enabled":true,"_links":{"self":[{"href":"https:\/\/universalchurchusa.org\/es\/wp-json\/wp\/v2\/posts\/381170","targetHints":{"allow":["GET"]}}],"collection":[{"href":"https:\/\/universalchurchusa.org\/es\/wp-json\/wp\/v2\/posts"}],"about":[{"href":"https:\/\/universalchurchusa.org\/es\/wp-json\/wp\/v2\/types\/post"}],"author":[{"embeddable":true,"href":"https:\/\/universalchurchusa.org\/es\/wp-json\/wp\/v2\/users\/250"}],"replies":[{"embeddable":true,"href":"https:\/\/universalchurchusa.org\/es\/wp-json\/wp\/v2\/comments?post=381170"}],"version-history":[{"count":4,"href":"https:\/\/universalchurchusa.org\/es\/wp-json\/wp\/v2\/posts\/381170\/revisions"}],"predecessor-version":[{"id":381296,"href":"https:\/\/universalchurchusa.org\/es\/wp-json\/wp\/v2\/posts\/381170\/revisions\/381296"}],"wp:featuredmedia":[{"embeddable":true,"href":"https:\/\/universalchurchusa.org\/es\/wp-json\/wp\/v2\/media\/381201"}],"wp:attachment":[{"href":"https:\/\/universalchurchusa.org\/es\/wp-json\/wp\/v2\/media?parent=381170"}],"wp:term":[{"taxonomy":"category","embeddable":true,"href":"https:\/\/universalchurchusa.org\/es\/wp-json\/wp\/v2\/categories?post=381170"},{"taxonomy":"post_tag","embeddable":true,"href":"https:\/\/universalchurchusa.org\/es\/wp-json\/wp\/v2\/tags?post=381170"},{"taxonomy":"site","embeddable":true,"href":"https:\/\/universalchurchusa.org\/es\/wp-json\/wp\/v2\/site?post=381170"}],"curies":[{"name":"wp","href":"https:\/\/api.w.org\/{rel}","templated":true}]}}