{"id":380646,"date":"2023-06-29T22:05:22","date_gmt":"2023-06-30T05:05:22","guid":{"rendered":"https:\/\/universalchurchusa.org\/es\/?p=380646"},"modified":"2023-06-30T12:25:53","modified_gmt":"2023-06-30T19:25:53","slug":"inauguracion-de-la-universal-en-yakima-washington","status":"publish","type":"post","link":"http:\/\/universalchurchusa.org\/es\/noticias-de-la-iglesia\/post\/inauguracion-de-la-universal-en-yakima-washington\/","title":{"rendered":"Inauguraci\u00f3n de la Universal en Yakima, Washington"},"content":{"rendered":"<p style=\"font-weight: 400;\"><img loading=\"lazy\" decoding=\"async\" class=\" wp-image-380652 alignleft\" src=\"https:\/\/universalchurchusa.org\/es\/wp-content\/uploads\/sites\/6\/2023\/06\/Bloque-Principal-Apertura-Inauguracion-de-la-Universal-en-Yakima-Washington-Junio-20236-300x169.jpg\" alt=\"La Iglesia Universal del Reino de Dios ha llegado a Yakima para llevar la palabra de salvaci\u00f3n a los residentes de esta ciudad.\" width=\"393\" height=\"221\" srcset=\"https:\/\/universalchurchusa.org\/es\/wp-content\/uploads\/sites\/6\/2023\/06\/Bloque-Principal-Apertura-Inauguracion-de-la-Universal-en-Yakima-Washington-Junio-20236-300x169.jpg 300w, https:\/\/universalchurchusa.org\/es\/wp-content\/uploads\/sites\/6\/2023\/06\/Bloque-Principal-Apertura-Inauguracion-de-la-Universal-en-Yakima-Washington-Junio-20236-768x432.jpg 768w, https:\/\/universalchurchusa.org\/es\/wp-content\/uploads\/sites\/6\/2023\/06\/Bloque-Principal-Apertura-Inauguracion-de-la-Universal-en-Yakima-Washington-Junio-20236-318x179.jpg 318w, https:\/\/universalchurchusa.org\/es\/wp-content\/uploads\/sites\/6\/2023\/06\/Bloque-Principal-Apertura-Inauguracion-de-la-Universal-en-Yakima-Washington-Junio-20236.jpg 1024w\" sizes=\"auto, (max-width: 393px) 100vw, 393px\" \/>Yakima, Washington es una ciudad ubicada en el centro del estado de Washington y la sede del condado de Yakima. Basado al m\u00e1s reciente censo, esta ciudad tiene una poblaci\u00f3n de aproximadamente 95,957 personas (mitad siendo latinos), convirti\u00e9ndolo en la d\u00e9cima ciudad m\u00e1s grande del estado. Yakima se encuentra en el valle Yakima, que es conocida por ser unas de las mayores \u00e1reas productoras de manzanas en el mundo. Incluso, es el lugar de la producci\u00f3n de l\u00fapulo. El nombre de esta ciudad procede del pueblo nativo denominado Yakama, ya que la reserva de los indios Yakama se encuentra ubicada en la parte sur y sudeste de la ciudad de Yakima.<\/p>\n<p style=\"font-weight: 400;\"><img loading=\"lazy\" decoding=\"async\" class=\" wp-image-380650 alignleft\" src=\"https:\/\/universalchurchusa.org\/es\/wp-content\/uploads\/sites\/6\/2023\/06\/Bloque-Principal-Apertura-Inauguracion-de-la-Universal-en-Yakima-Washington-Junio-20234-300x169.jpg\" alt=\"La Iglesia Universal del Reino de Dios ha llegado a Yakima para llevar la palabra de salvaci\u00f3n a los residentes de esta ciudad.\" width=\"368\" height=\"207\" srcset=\"https:\/\/universalchurchusa.org\/es\/wp-content\/uploads\/sites\/6\/2023\/06\/Bloque-Principal-Apertura-Inauguracion-de-la-Universal-en-Yakima-Washington-Junio-20234-300x169.jpg 300w, https:\/\/universalchurchusa.org\/es\/wp-content\/uploads\/sites\/6\/2023\/06\/Bloque-Principal-Apertura-Inauguracion-de-la-Universal-en-Yakima-Washington-Junio-20234-768x432.jpg 768w, https:\/\/universalchurchusa.org\/es\/wp-content\/uploads\/sites\/6\/2023\/06\/Bloque-Principal-Apertura-Inauguracion-de-la-Universal-en-Yakima-Washington-Junio-20234-318x179.jpg 318w, https:\/\/universalchurchusa.org\/es\/wp-content\/uploads\/sites\/6\/2023\/06\/Bloque-Principal-Apertura-Inauguracion-de-la-Universal-en-Yakima-Washington-Junio-20234.jpg 1024w\" sizes=\"auto, (max-width: 368px) 100vw, 368px\" \/>Aun siendo una ciudad peque\u00f1a en comparaci\u00f3n a otras ciudades de la naci\u00f3n americana, el dolor y el sufrimiento ha logrado invadir la vida el hogar de los residentes de la ciudad. Infelizmente, ha visto residentes que han sido v\u00edctimas del vicio del fentanilo, destruy\u00e9ndolos a ellos y a su familia. Por tal motivo, la Iglesia Universal del Reino de Dios ha llegado a Yakima para llevar la palabra de salvaci\u00f3n a los residentes de esta ciudad.<\/p>\n<p style=\"font-weight: 400;\">El pasado domingo, 25 de junio de 2023, fue inaugurada la Universal en Yakima a la hora de las 3pm (horario local). En la oportunidad, miembros de la Universal al igual de los residentes de la ciudad y sus invitados se dieron cita para participar de este servicio especial. Fue realizada una oraci\u00f3n de fe a favor de aquellos que han estado sufriendo a causa de problemas semejantes a enfermedades, vicios, disfunci\u00f3n familiar, miseria u otros problemas. Incluso, los presentes recibieron una palabra de fe mostr\u00e1ndole a cada uno que no existe ning\u00fan imposible para Dios, basta tener uno fe, como vemos en los siguientes versos:<\/p>\n<p style=\"font-weight: 400;\"><strong><em><img loading=\"lazy\" decoding=\"async\" class=\" wp-image-380648 alignleft\" src=\"https:\/\/universalchurchusa.org\/es\/wp-content\/uploads\/sites\/6\/2023\/06\/Bloque-Principal-Apertura-Inauguracion-de-la-Universal-en-Yakima-Washington-Junio-20232-300x169.jpg\" alt=\"La Iglesia Universal del Reino de Dios ha llegado a Yakima para llevar la palabra de salvaci\u00f3n a los residentes de esta ciudad.\" width=\"401\" height=\"226\" srcset=\"https:\/\/universalchurchusa.org\/es\/wp-content\/uploads\/sites\/6\/2023\/06\/Bloque-Principal-Apertura-Inauguracion-de-la-Universal-en-Yakima-Washington-Junio-20232-300x169.jpg 300w, https:\/\/universalchurchusa.org\/es\/wp-content\/uploads\/sites\/6\/2023\/06\/Bloque-Principal-Apertura-Inauguracion-de-la-Universal-en-Yakima-Washington-Junio-20232-768x432.jpg 768w, https:\/\/universalchurchusa.org\/es\/wp-content\/uploads\/sites\/6\/2023\/06\/Bloque-Principal-Apertura-Inauguracion-de-la-Universal-en-Yakima-Washington-Junio-20232-318x179.jpg 318w, https:\/\/universalchurchusa.org\/es\/wp-content\/uploads\/sites\/6\/2023\/06\/Bloque-Principal-Apertura-Inauguracion-de-la-Universal-en-Yakima-Washington-Junio-20232.jpg 1024w\" sizes=\"auto, (max-width: 401px) 100vw, 401px\" \/>Y una mujer que hab\u00eda tenido un flujo de sangre por doce a\u00f1os y que hab\u00eda gastado en m\u00e9dicos todo cuanto ten\u00eda y no pod\u00eda ser curada por nadie,<sup>\u00a0<\/sup>se acerc\u00f3\u00a0a Jes\u00fas\u00a0por detr\u00e1s y toc\u00f3 el borde de su manto, y al instante ces\u00f3 el flujo de su sangre.<sup>\u00a0<\/sup>Y Jes\u00fas dijo:\u00a0\u00bfQui\u00e9n es el que me ha tocado?\u00a0Mientras todos lo negaban, Pedro dijo, y los que con \u00e9l estaban: Maestro, las multitudes te aprietan y te oprimen.\u00a0Pero Jes\u00fas dijo:\u00a0Alguien me toc\u00f3, porque me di cuenta que de m\u00ed hab\u00eda salido poder. Al ver la mujer que ella no hab\u00eda pasado inadvertida, se acerc\u00f3 temblando, y cayendo delante de \u00c9l, declar\u00f3 en presencia de todo el pueblo la raz\u00f3n por la cual le hab\u00eda tocado, y c\u00f3mo al instante hab\u00eda sido sanada. Y \u00c9l le dijo:\u00a0Hija, tu fe te ha sanado; vete en paz <\/em><\/strong>(Lucas 8:43-48).<\/p>\n<p style=\"font-weight: 400;\">Estaba determinado que de igual manera que la mujer fue sanada, el milagro acontecer\u00eda en la vida de todos los presentes. Fue una tarde que qued\u00f3 marcado en la vida de los miembros, invitados y miembros de la comunidad de Yakima. Hoy ellos saben y podr\u00e1n hablar a otros que existe un lugar los 365 d\u00edas abierto para auxiliarlos espiritualmente en el momento que ellos necesiten. A partir de ese d\u00eda las puertas de la iglesia estar\u00e1n abiertas para poder llevar la Palabra de salvaci\u00f3n y vida a todos de la ciudad de Yakima.<\/p>\n<p style=\"font-weight: 400;\">Si usted reside o tiene a un familia o conocido que viva en esta ciudad o en las ciudades vecinas, le extendemos una invitaci\u00f3n especial en el <em>40 West Mead Ave, Yakima, Washington 98902<\/em>. Los servicios de oraci\u00f3n son:<\/p>\n<p style=\"font-weight: 400;\">Lunes a viernes: 10am, 4pm o 7:30pm<\/p>\n<p style=\"font-weight: 400;\">S\u00e1bado: 10am o 6pm<\/p>\n<p style=\"font-weight: 400;\">Domingo: 7am, 9:30am, 3pm o 6pm<\/p>\n<p style=\"font-weight: 400;\">Para m\u00e1s informaci\u00f3n, usted nos puede contactar al (323)459-4331.<\/p>\n<p style=\"font-weight: 400;\">Ubique la Universal m\u00e1s cercana a usted:<span style=\"color: #800080;\"><strong>\u00a0<\/strong><\/span><a href=\"https:\/\/www.universalchurchusa.org\/es\/direcciones\/\"><strong><span style=\"color: #800080;\">Direcciones<\/span><\/strong><\/a><\/p>\n<p style=\"font-weight: 400;\">Si usted tiene una pregunta o le gustar\u00eda una orientaci\u00f3n:<strong>\u00a0<\/strong><a href=\"https:\/\/www.universalchurchusa.org\/es\/fale-conosco\/\"><strong><span style=\"color: #800080;\">Cont\u00e1ctenos<\/span><\/strong><\/a><\/p>\n<p style=\"font-weight: 400;\">Si le gustar\u00eda a\u00f1adir su nombre y el de su familia en el libro de oraci\u00f3n:\u00a0<a href=\"https:\/\/www.universalchurchusa.org\/es\/libro-de-oraciones\/\"><strong><span style=\"color: #800080;\">Libro de Oraci\u00f3n<\/span><\/strong><\/a><\/p>\n<p style=\"font-weight: 400;\">Regrese a la p\u00e1gina principal:\u00a0<span style=\"color: #800080;\"><a style=\"color: #800080;\" href=\"https:\/\/www.universalchurchusa.org\/es\/\"><strong>P\u00e1gina Principal<\/strong><\/a><\/span><\/p>\n<p style=\"font-weight: 400;\">Alimente su esp\u00edritu, leyendo mensajes de fe para su edificaci\u00f3n espiritual:\u00a0<a href=\"https:\/\/viviendoporlafe.com\/\"><strong><span style=\"color: #800080;\">Viviendo por la Fe<\/span><\/strong><\/a><\/p>\n","protected":false},"excerpt":{"rendered":"<p>Yakima, Washington es una ciudad ubicada en el centro del estado de Washington y la sede del condado de Yakima. Basado al m\u00e1s reciente censo, esta ciudad tiene una poblaci\u00f3n de aproximadamente 95,957 personas (mitad siendo latinos), convirti\u00e9ndolo en la d\u00e9cima ciudad m\u00e1s grande del estado. Yakima se encuentra en el valle Yakima, que es [&hellip;]<\/p>\n","protected":false},"author":250,"featured_media":380655,"comment_status":"closed","ping_status":"open","sticky":false,"template":"","format":"standard","meta":{"footnotes":""},"categories":[28848,28853],"tags":[29104,28936,18960,29103,19069,29061,28937,28949,29105,28884,28860,29102,29101],"site":[18871],"class_list":["post-380646","post","type-post","status-publish","format-standard","has-post-thumbnail","hentry","category-eventos-especiales","category-noticias-de-la-universal","tag-almas","tag-apertura","tag-bendicion","tag-ciudad","tag-evangelizacion","tag-iglesia-universal-del-reino-de-dios","tag-inauguracion","tag-palabra","tag-puertas-abiertas","tag-salvacion","tag-vida","tag-washington","tag-yakima","site-noticias-de-la-iglesia"],"amp_enabled":true,"_links":{"self":[{"href":"https:\/\/universalchurchusa.org\/es\/wp-json\/wp\/v2\/posts\/380646","targetHints":{"allow":["GET"]}}],"collection":[{"href":"https:\/\/universalchurchusa.org\/es\/wp-json\/wp\/v2\/posts"}],"about":[{"href":"https:\/\/universalchurchusa.org\/es\/wp-json\/wp\/v2\/types\/post"}],"author":[{"embeddable":true,"href":"https:\/\/universalchurchusa.org\/es\/wp-json\/wp\/v2\/users\/250"}],"replies":[{"embeddable":true,"href":"https:\/\/universalchurchusa.org\/es\/wp-json\/wp\/v2\/comments?post=380646"}],"version-history":[{"count":5,"href":"https:\/\/universalchurchusa.org\/es\/wp-json\/wp\/v2\/posts\/380646\/revisions"}],"predecessor-version":[{"id":380680,"href":"https:\/\/universalchurchusa.org\/es\/wp-json\/wp\/v2\/posts\/380646\/revisions\/380680"}],"wp:featuredmedia":[{"embeddable":true,"href":"https:\/\/universalchurchusa.org\/es\/wp-json\/wp\/v2\/media\/380655"}],"wp:attachment":[{"href":"https:\/\/universalchurchusa.org\/es\/wp-json\/wp\/v2\/media?parent=380646"}],"wp:term":[{"taxonomy":"category","embeddable":true,"href":"https:\/\/universalchurchusa.org\/es\/wp-json\/wp\/v2\/categories?post=380646"},{"taxonomy":"post_tag","embeddable":true,"href":"https:\/\/universalchurchusa.org\/es\/wp-json\/wp\/v2\/tags?post=380646"},{"taxonomy":"site","embeddable":true,"href":"https:\/\/universalchurchusa.org\/es\/wp-json\/wp\/v2\/site?post=380646"}],"curies":[{"name":"wp","href":"https:\/\/api.w.org\/{rel}","templated":true}]}}