{"id":379828,"date":"2023-03-31T15:01:25","date_gmt":"2023-03-31T22:01:25","guid":{"rendered":"https:\/\/universalchurchusa.org\/es\/?p=379828"},"modified":"2023-04-18T11:31:17","modified_gmt":"2023-04-18T18:31:17","slug":"evg-en-ridgewood-nueva-york-brindaron-una-palabra-de-fe-a-los-neoyorquinos","status":"publish","type":"post","link":"http:\/\/universalchurchusa.org\/es\/noticias-de-la-iglesia\/post\/evg-en-ridgewood-nueva-york-brindaron-una-palabra-de-fe-a-los-neoyorquinos\/","title":{"rendered":"EVG en Ridgewood, Nueva York brindaron una palabra de fe a los neoyorquinos"},"content":{"rendered":"<p><strong>EVG<\/strong> es un grupo de Evangelizaci\u00f3n que se dedica a realizar trabajos sociales en colaboraci\u00f3n con la Iglesia Universal para ayudar a la comunidad, el pasado martes, 21 de marzo, en Ridgewood, Nueva York, los voluntarios estuvieron transmitiendo una palabra de fe con el fin de despertar la fe en aquellos que sufren.<\/p>\n<p><img loading=\"lazy\" decoding=\"async\" class=\"alignnone wp-image-379830\" src=\"https:\/\/universalchurchusa.org\/es\/wp-content\/uploads\/sites\/6\/2023\/03\/EVG-en-Ridgewood-Nueva-York-brindaron-una-palabra-de-fe-a-los-neoyorquinos2-300x169.jpg\" alt=\"\" width=\"509\" height=\"287\" srcset=\"https:\/\/universalchurchusa.org\/es\/wp-content\/uploads\/sites\/6\/2023\/03\/EVG-en-Ridgewood-Nueva-York-brindaron-una-palabra-de-fe-a-los-neoyorquinos2-300x169.jpg 300w, https:\/\/universalchurchusa.org\/es\/wp-content\/uploads\/sites\/6\/2023\/03\/EVG-en-Ridgewood-Nueva-York-brindaron-una-palabra-de-fe-a-los-neoyorquinos2-1024x576.jpg 1024w, https:\/\/universalchurchusa.org\/es\/wp-content\/uploads\/sites\/6\/2023\/03\/EVG-en-Ridgewood-Nueva-York-brindaron-una-palabra-de-fe-a-los-neoyorquinos2-768x432.jpg 768w, https:\/\/universalchurchusa.org\/es\/wp-content\/uploads\/sites\/6\/2023\/03\/EVG-en-Ridgewood-Nueva-York-brindaron-una-palabra-de-fe-a-los-neoyorquinos2-1536x864.jpg 1536w, https:\/\/universalchurchusa.org\/es\/wp-content\/uploads\/sites\/6\/2023\/03\/EVG-en-Ridgewood-Nueva-York-brindaron-una-palabra-de-fe-a-los-neoyorquinos2-318x179.jpg 318w, https:\/\/universalchurchusa.org\/es\/wp-content\/uploads\/sites\/6\/2023\/03\/EVG-en-Ridgewood-Nueva-York-brindaron-una-palabra-de-fe-a-los-neoyorquinos2.jpg 1920w\" sizes=\"auto, (max-width: 509px) 100vw, 509px\" \/><\/p>\n<p>Desgraciadamente, Seg\u00fan la Organizaci\u00f3n Mundial de la salud (OMS), cada a\u00f1o se suicidan cerca de 700 000 de personas, es alarmante la cantidad de gente que toman la decisi\u00f3n de poner fin a su vida, \u00bfpero por qu\u00e9? El Instituto Nacional de Salud Mental (NIMH, por sus siglas en ingl\u00e9s) elabora que la depresi\u00f3n, trastornos mentales, consumo de sustancias, entre mucho m\u00e1s, son algunos factores que conlleva al riesgo de suicidio.<\/p>\n<p><img loading=\"lazy\" decoding=\"async\" class=\"alignnone wp-image-379831\" src=\"https:\/\/universalchurchusa.org\/es\/wp-content\/uploads\/sites\/6\/2023\/03\/EVG-en-Ridgewood-Nueva-York-brindaron-una-palabra-de-fe-a-los-neoyorquinos3-300x169.jpg\" alt=\"\" width=\"509\" height=\"287\" srcset=\"https:\/\/universalchurchusa.org\/es\/wp-content\/uploads\/sites\/6\/2023\/03\/EVG-en-Ridgewood-Nueva-York-brindaron-una-palabra-de-fe-a-los-neoyorquinos3-300x169.jpg 300w, https:\/\/universalchurchusa.org\/es\/wp-content\/uploads\/sites\/6\/2023\/03\/EVG-en-Ridgewood-Nueva-York-brindaron-una-palabra-de-fe-a-los-neoyorquinos3-1024x576.jpg 1024w, https:\/\/universalchurchusa.org\/es\/wp-content\/uploads\/sites\/6\/2023\/03\/EVG-en-Ridgewood-Nueva-York-brindaron-una-palabra-de-fe-a-los-neoyorquinos3-768x432.jpg 768w, https:\/\/universalchurchusa.org\/es\/wp-content\/uploads\/sites\/6\/2023\/03\/EVG-en-Ridgewood-Nueva-York-brindaron-una-palabra-de-fe-a-los-neoyorquinos3-1536x864.jpg 1536w, https:\/\/universalchurchusa.org\/es\/wp-content\/uploads\/sites\/6\/2023\/03\/EVG-en-Ridgewood-Nueva-York-brindaron-una-palabra-de-fe-a-los-neoyorquinos3-318x179.jpg 318w, https:\/\/universalchurchusa.org\/es\/wp-content\/uploads\/sites\/6\/2023\/03\/EVG-en-Ridgewood-Nueva-York-brindaron-una-palabra-de-fe-a-los-neoyorquinos3.jpg 1920w\" sizes=\"auto, (max-width: 509px) 100vw, 509px\" \/><\/p>\n<p>Es por eso, que los voluntarios de <strong>EVG<\/strong> siempre alegres y sonrientes, se ponen a la disposici\u00f3n de ayudar y transmitir fe a aquellos sufriendo en silencio, a trav\u00e9s de una oraci\u00f3n y una palabra de fe.<\/p>\n<p><img loading=\"lazy\" decoding=\"async\" class=\"alignnone wp-image-379832\" src=\"https:\/\/universalchurchusa.org\/es\/wp-content\/uploads\/sites\/6\/2023\/03\/EVG-en-Ridgewood-Nueva-York-brindaron-una-palabra-de-fe-a-los-neoyorquinos4-300x169.jpg\" alt=\"\" width=\"509\" height=\"287\" srcset=\"https:\/\/universalchurchusa.org\/es\/wp-content\/uploads\/sites\/6\/2023\/03\/EVG-en-Ridgewood-Nueva-York-brindaron-una-palabra-de-fe-a-los-neoyorquinos4-300x169.jpg 300w, https:\/\/universalchurchusa.org\/es\/wp-content\/uploads\/sites\/6\/2023\/03\/EVG-en-Ridgewood-Nueva-York-brindaron-una-palabra-de-fe-a-los-neoyorquinos4-1024x576.jpg 1024w, https:\/\/universalchurchusa.org\/es\/wp-content\/uploads\/sites\/6\/2023\/03\/EVG-en-Ridgewood-Nueva-York-brindaron-una-palabra-de-fe-a-los-neoyorquinos4-768x432.jpg 768w, https:\/\/universalchurchusa.org\/es\/wp-content\/uploads\/sites\/6\/2023\/03\/EVG-en-Ridgewood-Nueva-York-brindaron-una-palabra-de-fe-a-los-neoyorquinos4-1536x864.jpg 1536w, https:\/\/universalchurchusa.org\/es\/wp-content\/uploads\/sites\/6\/2023\/03\/EVG-en-Ridgewood-Nueva-York-brindaron-una-palabra-de-fe-a-los-neoyorquinos4-318x179.jpg 318w, https:\/\/universalchurchusa.org\/es\/wp-content\/uploads\/sites\/6\/2023\/03\/EVG-en-Ridgewood-Nueva-York-brindaron-una-palabra-de-fe-a-los-neoyorquinos4.jpg 1920w\" sizes=\"auto, (max-width: 509px) 100vw, 509px\" \/><\/p>\n<p>La Iglesia Universal realiza sus eventos cada semana, si reside en Ridgewood, Nueva York, puede participar de los servicios de fe en\u00a0el\u00a06037 Myrtle Ave Ridgewood, NY 11385, o en la Universal m\u00e1s cercana a ti. M\u00e1s informaci\u00f3n sobre los eventos de la Iglesia y el trabajo evang\u00e9lico realizado por el proyecto\u00a0<strong>EVG<\/strong>\u00a0en\u00a0<u>universalchurchusa.org\/es\/<\/u><\/p>\n<p>Tambi\u00e9n puede informarse sobre los labores sociales y evang\u00e9licas del grupo de evangelizaci\u00f3n en todo el territorio americano ingresando en las siguientes plataformas:<\/p>\n<p>Facebook:\u00a0<a href=\"https:\/\/www.facebook.com\/evgusa.oficial\"><strong>EVG FB<\/strong><\/a><\/p>\n<p>Instagram:\u00a0<a href=\"https:\/\/instagram.com\/evgestadosunidos?igshid=3q7vbp3t3whl\"><strong>EVG IG<\/strong><\/a><\/p>\n<p>Ubique la Universal m\u00e1s cercana a usted:<a href=\"https:\/\/universalchurchusa.org\/es\/direcciones\/\"><strong>\u00a0Direcciones\u00a0<\/strong><\/a><\/p>\n<p>Si usted tiene preguntas o le gustar\u00eda una orientaci\u00f3n:\u00a0<a href=\"https:\/\/universalchurchusa.org\/es\/contactenos\/\"><strong>Cont\u00e1ctenos<\/strong><\/a><\/p>\n<p>Si desea a\u00f1adir su nombre y el de su familia en el libro de oraci\u00f3n:\u00a0<a href=\"https:\/\/universalchurchusa.org\/es\/libro-de-oraciones\/\"><strong>Libro de Oraci\u00f3n<\/strong><\/a><\/p>\n<p>Regrese a la p\u00e1gina principal:\u00a0<a href=\"https:\/\/universalchurchusa.org\/es\/\"><strong>P\u00e1gina principal<\/strong><\/a><\/p>\n<p>Fuente consultada: <a href=\"https:\/\/www.who.int\/es\/news-room\/fact-sheets\/detail\/suicide\"><strong>Organizaci\u00f3n mundial de la salud- suicide<\/strong><\/a><\/p>\n<p>Si le interesa lea tambi\u00e9n:\u00a0<a href=\"https:\/\/universalchurchusa.org\/es\/noticias\/post\/el-grupo-de-evangelizacion-en-norcross-georgia-brindo-una-mano-amiga-a-traves-del-proyecto-unisocial\/\"><strong>El grupo de evangelizaci\u00f3n en Norcross, Georgia brind\u00f3 una mano amiga a trav\u00e9s del proyecto \u201cUnisocial\u201d<\/strong><\/a><\/p>\n<p>Alimente su esp\u00edritu, leyendo mensajes de fe para su edificaci\u00f3n espiritual:\u00a0<a href=\"https:\/\/viviendoporlafe.com\/\"><strong>Viviendo por la fe<\/strong><\/a><\/p>\n","protected":false},"excerpt":{"rendered":"<p>EVG es un grupo de Evangelizaci\u00f3n que se dedica a realizar trabajos sociales en colaboraci\u00f3n con la Iglesia Universal para ayudar a la comunidad, el pasado martes, 21 de marzo, en Ridgewood, Nueva York, los voluntarios estuvieron transmitiendo una palabra de fe con el fin de despertar la fe en aquellos que sufren. Desgraciadamente, Seg\u00fan [&hellip;]<\/p>\n","protected":false},"author":250,"featured_media":379829,"comment_status":"closed","ping_status":"open","sticky":false,"template":"","format":"standard","meta":{"footnotes":""},"categories":[28846],"tags":[5758,28865,19069,28863,7736],"site":[18871],"class_list":["post-379828","post","type-post","status-publish","format-standard","has-post-thumbnail","hentry","category-proyecto-social","tag-dios","tag-espiritu-santo","tag-evangelizacion","tag-evg","tag-fe","site-noticias-de-la-iglesia"],"amp_enabled":true,"_links":{"self":[{"href":"https:\/\/universalchurchusa.org\/es\/wp-json\/wp\/v2\/posts\/379828","targetHints":{"allow":["GET"]}}],"collection":[{"href":"https:\/\/universalchurchusa.org\/es\/wp-json\/wp\/v2\/posts"}],"about":[{"href":"https:\/\/universalchurchusa.org\/es\/wp-json\/wp\/v2\/types\/post"}],"author":[{"embeddable":true,"href":"https:\/\/universalchurchusa.org\/es\/wp-json\/wp\/v2\/users\/250"}],"replies":[{"embeddable":true,"href":"https:\/\/universalchurchusa.org\/es\/wp-json\/wp\/v2\/comments?post=379828"}],"version-history":[{"count":1,"href":"https:\/\/universalchurchusa.org\/es\/wp-json\/wp\/v2\/posts\/379828\/revisions"}],"predecessor-version":[{"id":379833,"href":"https:\/\/universalchurchusa.org\/es\/wp-json\/wp\/v2\/posts\/379828\/revisions\/379833"}],"wp:featuredmedia":[{"embeddable":true,"href":"https:\/\/universalchurchusa.org\/es\/wp-json\/wp\/v2\/media\/379829"}],"wp:attachment":[{"href":"https:\/\/universalchurchusa.org\/es\/wp-json\/wp\/v2\/media?parent=379828"}],"wp:term":[{"taxonomy":"category","embeddable":true,"href":"https:\/\/universalchurchusa.org\/es\/wp-json\/wp\/v2\/categories?post=379828"},{"taxonomy":"post_tag","embeddable":true,"href":"https:\/\/universalchurchusa.org\/es\/wp-json\/wp\/v2\/tags?post=379828"},{"taxonomy":"site","embeddable":true,"href":"https:\/\/universalchurchusa.org\/es\/wp-json\/wp\/v2\/site?post=379828"}],"curies":[{"name":"wp","href":"https:\/\/api.w.org\/{rel}","templated":true}]}}