{"id":379819,"date":"2023-03-30T15:08:12","date_gmt":"2023-03-30T22:08:12","guid":{"rendered":"https:\/\/universalchurchusa.org\/es\/?p=379819"},"modified":"2023-03-30T15:08:12","modified_gmt":"2023-03-30T22:08:12","slug":"se-sentia-perseguida-por-una-fuerza-que-lograba-aplastarla-y-dejarla-sin-aire-2","status":"publish","type":"post","link":"http:\/\/universalchurchusa.org\/es\/noticias\/post\/se-sentia-perseguida-por-una-fuerza-que-lograba-aplastarla-y-dejarla-sin-aire-2\/","title":{"rendered":"Se sent\u00eda perseguida por una fuerza que lograba aplastarla y dejarla sin aire"},"content":{"rendered":"<p>A la temprana edad de siete a\u00f1os Irene Alfaro, siendo tan solo una ni\u00f1a de siete a\u00f1os, comenz\u00f3 a sufrir terribles pesadillas, se sent\u00eda perseguida por una gran fuerza que lograba aplastarla haciendo que ella se quedara sin aire. Esta sensaci\u00f3n de opresi\u00f3n era ocasionada por el trauma que le hab\u00eda causado el hecho de haber sido acosada por uno de sus familiares.<\/p>\n<p>Siendo tan solo una ni\u00f1a, comenz\u00f3 a experimentar con el cigarrillo como una forma de combatir aquella depresi\u00f3n que sufr\u00eda, aunque su inocencia no le dejaba ver por lo que realmente estaba pasando. Al venir de una familia rota creci\u00f3 escuchando malas palabras e insultos por lo que al ir pasando los a\u00f1os se torn\u00f3 en una persona rebelde y problem\u00e1tica sin medida a la hora de consumir cigarrillos e incluso llegando a experimentar con estupefacientes.<\/p>\n<p>Tras un altercado con su padre, su agresividad casi la lleva a cometer una locura de la cual se arrepentir\u00eda el resto de su vida, con su actitud y car\u00e1cter opt\u00f3 por irse de su casa para vagar en las calles, conviv\u00eda con personas cuyo estilo de vida la estaba sumergiendo en un letargo.<\/p>\n<p>Se mudo a los Estados Unidos y se transform\u00f3 en madre, un hecho que pens\u00f3 cambiar\u00eda su vida para bien, pero era prisionera del vicio, irrespetaba su funci\u00f3n y se iba a las fiestas, era una vida sin paz ni armon\u00eda, solo su forma de escapar de tantas angustias.<\/p>\n<p>Un d\u00eda vio en la televisi\u00f3n como las personas eran orientadas a trav\u00e9s de llamadas telef\u00f3nicas as\u00ed que opt\u00f3 por hacer esa llamada que cambiar\u00eda su vida para siempre, recibi\u00f3 orientaci\u00f3n y luego asisti\u00f3 a la iglesia m\u00e1s cercana a ella y desde entonces ha sabido c\u00f3mo cambiar el rumbo de su vida gracias a que sigue la palabra de Dios. Hoy en d\u00eda ha logrado reestructurar su vida y su familia gracias a que el Esp\u00edritu Santo le brinda la gu\u00eda para lograr una vida santificada.<\/p>\n<p>Testimonio Irene Alfaro.<\/p>\n<p><iframe loading=\"lazy\" title=\"Se sent\u00eda perseguida por una fuerza que lograba aplastarla y dejarla sin aire - Irene Alfaro\" width=\"500\" height=\"281\" src=\"https:\/\/www.youtube.com\/embed\/1yRt4U5IyWw?start=6&#038;feature=oembed\" frameborder=\"0\" allow=\"accelerometer; autoplay; clipboard-write; encrypted-media; gyroscope; picture-in-picture; web-share\" referrerpolicy=\"strict-origin-when-cross-origin\" allowfullscreen><\/iframe><\/p>\n<p>\u00bfUsted no logra ser feliz? \u00bfUsted ha sido v\u00edctima de brujer\u00eda? \u00bfUsted sufre con depresi\u00f3n, nerviosismo, insomnio, migra\u00f1as, ataques de ira, vicios, desmayos, escucha voces, ve bultos, es dominado por el miedo, no logra ser feliz, ha perdido todo, su vida est\u00e1 destruida, sufre con una enfermedad cuyo diagnostico no es identificado? No falte este viernes en la Sesi\u00f3n de la Descarga Espiritual, donde ser\u00e1 realizada una oraci\u00f3n de fe para determinar el libramiento de todo mal en su vida. Acomp\u00e1\u00f1enos este viernes (7am; 10am; 4pm y 7pm) en el 703 S Broadway, en la esquina de la calle 7 en Los \u00c1ngeles, California, o en el 625 S Bonnie Brae, Los \u00c1ngeles, CA y en la Universal m\u00e1s cercana a usted.<\/p>\n<p style=\"text-align: center;\"><span style=\"color: #0000ff;\"><strong><a style=\"color: #0000ff;\" href=\"https:\/\/universalchurchusa.org\/es\/noticias\/post\/sentia-como-la-bendicion-de-dios-estaba-presente-brindandole-apoyo\/\">Lea tambi\u00e9n: Sent\u00eda como la bendici\u00f3n de Dios estaba presente brind\u00e1ndole apoyo.<\/a><\/strong><\/span><\/p>\n<p style=\"text-align: center;\"><span style=\"color: #0000ff;\"><strong><a style=\"color: #0000ff;\" href=\"https:\/\/www.instagram.com\/iglesiauniversalusa\/?r=nametag\">S\u00edganos en Instagram:\u00a0<span style=\"color: #ff6600;\">@iglesiauniversalusa<\/span><\/a><\/strong><\/span><\/p>\n<p style=\"text-align: center;\"><span style=\"color: #ff0000;\"><strong><a style=\"color: #ff0000;\" href=\"https:\/\/universalchurchusa.org\/es\/contactenos\/\">Cont\u00e1ctenos en este link.<\/a><\/strong><\/span><\/p>\n","protected":false},"excerpt":{"rendered":"<p>A la temprana edad de siete a\u00f1os Irene Alfaro, siendo tan solo una ni\u00f1a de siete a\u00f1os, comenz\u00f3 a sufrir terribles pesadillas, se sent\u00eda perseguida por una gran fuerza que lograba aplastarla haciendo que ella se quedara sin aire. Esta sensaci\u00f3n de opresi\u00f3n era ocasionada por el trauma que le hab\u00eda causado el hecho de [&hellip;]<\/p>\n","protected":false},"author":269,"featured_media":379820,"comment_status":"closed","ping_status":"open","sticky":false,"template":"","format":"standard","meta":{"footnotes":""},"categories":[28850],"tags":[117,18960,5383,5758,7736,17546],"site":[18871],"class_list":["post-379819","post","type-post","status-publish","format-standard","has-post-thumbnail","hentry","category-testimonios","tag-amor","tag-bendicion","tag-depresion","tag-dios","tag-fe","tag-transformacion-de-vida","site-noticias-de-la-iglesia"],"amp_enabled":true,"_links":{"self":[{"href":"https:\/\/universalchurchusa.org\/es\/wp-json\/wp\/v2\/posts\/379819","targetHints":{"allow":["GET"]}}],"collection":[{"href":"https:\/\/universalchurchusa.org\/es\/wp-json\/wp\/v2\/posts"}],"about":[{"href":"https:\/\/universalchurchusa.org\/es\/wp-json\/wp\/v2\/types\/post"}],"author":[{"embeddable":true,"href":"https:\/\/universalchurchusa.org\/es\/wp-json\/wp\/v2\/users\/269"}],"replies":[{"embeddable":true,"href":"https:\/\/universalchurchusa.org\/es\/wp-json\/wp\/v2\/comments?post=379819"}],"version-history":[{"count":1,"href":"https:\/\/universalchurchusa.org\/es\/wp-json\/wp\/v2\/posts\/379819\/revisions"}],"predecessor-version":[{"id":379821,"href":"https:\/\/universalchurchusa.org\/es\/wp-json\/wp\/v2\/posts\/379819\/revisions\/379821"}],"wp:featuredmedia":[{"embeddable":true,"href":"https:\/\/universalchurchusa.org\/es\/wp-json\/wp\/v2\/media\/379820"}],"wp:attachment":[{"href":"https:\/\/universalchurchusa.org\/es\/wp-json\/wp\/v2\/media?parent=379819"}],"wp:term":[{"taxonomy":"category","embeddable":true,"href":"https:\/\/universalchurchusa.org\/es\/wp-json\/wp\/v2\/categories?post=379819"},{"taxonomy":"post_tag","embeddable":true,"href":"https:\/\/universalchurchusa.org\/es\/wp-json\/wp\/v2\/tags?post=379819"},{"taxonomy":"site","embeddable":true,"href":"https:\/\/universalchurchusa.org\/es\/wp-json\/wp\/v2\/site?post=379819"}],"curies":[{"name":"wp","href":"https:\/\/api.w.org\/{rel}","templated":true}]}}