{"id":379770,"date":"2023-03-24T15:37:09","date_gmt":"2023-03-24T22:37:09","guid":{"rendered":"https:\/\/universalchurchusa.org\/es\/?p=379770"},"modified":"2023-03-27T14:44:48","modified_gmt":"2023-03-27T21:44:48","slug":"el-grupo-caleb-pone-en-practica-sus-habilidades-artisticas-en-todo-los-estados-unidos","status":"publish","type":"post","link":"http:\/\/universalchurchusa.org\/es\/noticias\/post\/el-grupo-caleb-pone-en-practica-sus-habilidades-artisticas-en-todo-los-estados-unidos\/","title":{"rendered":"El grupo Caleb pone en pr\u00e1ctica sus habilidades art\u00edsticas en todos los Estados Unidos"},"content":{"rendered":"<p>Existen aproximadamente 761 millones de personas en todo el mundo que tienen alrededor de 65 a\u00f1os o m\u00e1s, seg\u00fan una investigaci\u00f3n realizada por ONU (Naciones Unidas). Estas personas han crecido sin tecnolog\u00eda, han visto la evoluci\u00f3n y los avances de todo lo que ahora vemos y han sobrevivido hasta la \u00faltima pandemia. Tristemente, estas son las personas m\u00e1s vulnerables de este tiempo, a pesar de ser muy creativas, lastimosamente la mayor\u00eda piensan que al cumplir 60 a\u00f1os o m\u00e1s, su tiempo ha llegado a su fin.<\/p>\n<p><img loading=\"lazy\" decoding=\"async\" class=\"alignnone wp-image-379772\" src=\"https:\/\/universalchurchusa.org\/es\/wp-content\/uploads\/sites\/6\/2023\/03\/El-grupo-Caleb-pone-en-pra\u0301ctica-sus-habilidades-arti\u0301sticas-en-todo-los-Estados-Unidos2-300x169.jpg\" alt=\"\" width=\"504\" height=\"284\" srcset=\"https:\/\/universalchurchusa.org\/es\/wp-content\/uploads\/sites\/6\/2023\/03\/El-grupo-Caleb-pone-en-pra\u0301ctica-sus-habilidades-arti\u0301sticas-en-todo-los-Estados-Unidos2-300x169.jpg 300w, https:\/\/universalchurchusa.org\/es\/wp-content\/uploads\/sites\/6\/2023\/03\/El-grupo-Caleb-pone-en-pra\u0301ctica-sus-habilidades-arti\u0301sticas-en-todo-los-Estados-Unidos2-1024x576.jpg 1024w, https:\/\/universalchurchusa.org\/es\/wp-content\/uploads\/sites\/6\/2023\/03\/El-grupo-Caleb-pone-en-pra\u0301ctica-sus-habilidades-arti\u0301sticas-en-todo-los-Estados-Unidos2-768x432.jpg 768w, https:\/\/universalchurchusa.org\/es\/wp-content\/uploads\/sites\/6\/2023\/03\/El-grupo-Caleb-pone-en-pra\u0301ctica-sus-habilidades-arti\u0301sticas-en-todo-los-Estados-Unidos2-1536x864.jpg 1536w, https:\/\/universalchurchusa.org\/es\/wp-content\/uploads\/sites\/6\/2023\/03\/El-grupo-Caleb-pone-en-pra\u0301ctica-sus-habilidades-arti\u0301sticas-en-todo-los-Estados-Unidos2-318x179.jpg 318w, https:\/\/universalchurchusa.org\/es\/wp-content\/uploads\/sites\/6\/2023\/03\/El-grupo-Caleb-pone-en-pra\u0301ctica-sus-habilidades-arti\u0301sticas-en-todo-los-Estados-Unidos2.jpg 1920w\" sizes=\"auto, (max-width: 504px) 100vw, 504px\" \/><\/p>\n<p>\u201cM\u00e1s de la mitad de los ancianos del mundo carecen de cuidados adecuados de largo plazo\u2026\u201d. Coment\u00f3 la Organizaci\u00f3n Internacional del Trabajo (OIT).<\/p>\n<p>Por esta raz\u00f3n, es que la Iglesia Universal tiene un grupo llamado Caleb, dedicado a cuidar del bienestar de estas personas de la tercera edad. Durante el mes de marzo, el grupo Caleb llev\u00f3 a cabo: Caleb Creativo, donde realizaron varias actividades de artesan\u00eda, proyectos de la cultura, de arte, del c\u00e1ntico y muchas actividades m\u00e1s para incentivar a cada miembro como invitado a descubrir los beneficios que hay cuando uno aprende a ser creativo. De esta manera, cada persona presente aprendi\u00f3 los beneficios de la convivencia social, ella o \u00e9l aprendi\u00f3 a desarrollar nuevas formas de expresar sus ideas.<\/p>\n<p><img loading=\"lazy\" decoding=\"async\" class=\"alignnone  wp-image-379785\" src=\"https:\/\/universalchurchusa.org\/es\/wp-content\/uploads\/sites\/6\/2023\/03\/El-grupo-Caleb-pone-en-pra\u0301ctica-sus-habilidades-arti\u0301sticas-en-todo-los-Estados-Unidos11-300x169.jpg\" alt=\"\" width=\"508\" height=\"286\" srcset=\"https:\/\/universalchurchusa.org\/es\/wp-content\/uploads\/sites\/6\/2023\/03\/El-grupo-Caleb-pone-en-pra\u0301ctica-sus-habilidades-arti\u0301sticas-en-todo-los-Estados-Unidos11-300x169.jpg 300w, https:\/\/universalchurchusa.org\/es\/wp-content\/uploads\/sites\/6\/2023\/03\/El-grupo-Caleb-pone-en-pra\u0301ctica-sus-habilidades-arti\u0301sticas-en-todo-los-Estados-Unidos11-1024x576.jpg 1024w, https:\/\/universalchurchusa.org\/es\/wp-content\/uploads\/sites\/6\/2023\/03\/El-grupo-Caleb-pone-en-pra\u0301ctica-sus-habilidades-arti\u0301sticas-en-todo-los-Estados-Unidos11-768x432.jpg 768w, https:\/\/universalchurchusa.org\/es\/wp-content\/uploads\/sites\/6\/2023\/03\/El-grupo-Caleb-pone-en-pra\u0301ctica-sus-habilidades-arti\u0301sticas-en-todo-los-Estados-Unidos11-1536x864.jpg 1536w, https:\/\/universalchurchusa.org\/es\/wp-content\/uploads\/sites\/6\/2023\/03\/El-grupo-Caleb-pone-en-pra\u0301ctica-sus-habilidades-arti\u0301sticas-en-todo-los-Estados-Unidos11-318x179.jpg 318w, https:\/\/universalchurchusa.org\/es\/wp-content\/uploads\/sites\/6\/2023\/03\/El-grupo-Caleb-pone-en-pra\u0301ctica-sus-habilidades-arti\u0301sticas-en-todo-los-Estados-Unidos11.jpg 1920w\" sizes=\"auto, (max-width: 508px) 100vw, 508px\" \/><\/p>\n<p>El pasado domingo, 26 de marzo, en el Templo de los Milagros como en toda Iglesia Universal, cada integrante present\u00f3 de la categor\u00eda que m\u00e1s le gust\u00f3, durante sus presentaciones, ellos explicaron cu\u00e1les fueron los beneficios que recibieron al aprender un nuevo talento en cada domingo del mes.<\/p>\n<p><img loading=\"lazy\" decoding=\"async\" class=\"alignnone wp-image-379773\" src=\"https:\/\/universalchurchusa.org\/es\/wp-content\/uploads\/sites\/6\/2023\/03\/El-grupo-Caleb-pone-en-pra\u0301ctica-sus-habilidades-arti\u0301sticas-en-todo-los-Estados-Unidos3-300x169.jpg\" alt=\"\" width=\"504\" height=\"284\" srcset=\"https:\/\/universalchurchusa.org\/es\/wp-content\/uploads\/sites\/6\/2023\/03\/El-grupo-Caleb-pone-en-pra\u0301ctica-sus-habilidades-arti\u0301sticas-en-todo-los-Estados-Unidos3-300x169.jpg 300w, https:\/\/universalchurchusa.org\/es\/wp-content\/uploads\/sites\/6\/2023\/03\/El-grupo-Caleb-pone-en-pra\u0301ctica-sus-habilidades-arti\u0301sticas-en-todo-los-Estados-Unidos3-1024x576.jpg 1024w, https:\/\/universalchurchusa.org\/es\/wp-content\/uploads\/sites\/6\/2023\/03\/El-grupo-Caleb-pone-en-pra\u0301ctica-sus-habilidades-arti\u0301sticas-en-todo-los-Estados-Unidos3-768x432.jpg 768w, https:\/\/universalchurchusa.org\/es\/wp-content\/uploads\/sites\/6\/2023\/03\/El-grupo-Caleb-pone-en-pra\u0301ctica-sus-habilidades-arti\u0301sticas-en-todo-los-Estados-Unidos3-1536x864.jpg 1536w, https:\/\/universalchurchusa.org\/es\/wp-content\/uploads\/sites\/6\/2023\/03\/El-grupo-Caleb-pone-en-pra\u0301ctica-sus-habilidades-arti\u0301sticas-en-todo-los-Estados-Unidos3-318x179.jpg 318w, https:\/\/universalchurchusa.org\/es\/wp-content\/uploads\/sites\/6\/2023\/03\/El-grupo-Caleb-pone-en-pra\u0301ctica-sus-habilidades-arti\u0301sticas-en-todo-los-Estados-Unidos3.jpg 1920w\" sizes=\"auto, (max-width: 504px) 100vw, 504px\" \/><\/p>\n<p>Si le gustar\u00eda ser parte de esta gran familia de Caleb, descubrir y desarrollar todos sus talentos escogidos, vis\u00edtenos en <em>el\u00a0703 S Broadway, en la esquina de la calle 7 en Los \u00c1ngeles, Californi<\/em>a, o en la Universal m\u00e1s cercana a usted. Tambi\u00e9n puede acompa\u00f1ar el trabajo del\u00a0<strong>Grupo Caleb\u00a0<\/strong>a trav\u00e9s de la siguiente plataforma:<\/p>\n<p>Facebook:\u00a0<a href=\"https:\/\/www.facebook.com\/grupocalebusa\/\"><strong>Grupo Caleb FB<\/strong><\/a><\/p>\n<p>Ubique la Universal m\u00e1s cercana a usted:<a href=\"https:\/\/universalchurchusa.org\/es\/direcciones\/\"><strong>\u00a0Direcciones\u00a0<\/strong><\/a><\/p>\n<p>Si usted tiene una pregunta o le gustar\u00eda una orientaci\u00f3n:\u00a0<a href=\"https:\/\/universalchurchusa.org\/es\/contactenos\/\"><strong>Cont\u00e1ctenos<\/strong><\/a><\/p>\n<p>Si le gustar\u00eda a\u00f1adir su nombre y el de su familia en el libro de oraci\u00f3n:\u00a0<a href=\"https:\/\/universalchurchusa.org\/es\/libro-de-oraciones\/\"><strong>Libro de Oraci\u00f3n<\/strong><\/a><\/p>\n<p>Regrese a la p\u00e1gina principal:\u00a0<a href=\"https:\/\/universalchurchusa.org\/es\/\"><strong>P\u00e1gina Principal<\/strong><\/a><\/p>\n<p>Alimente su esp\u00edritu, leyendo mensajes de fe para su edificaci\u00f3n espiritual:\u00a0<a href=\"https:\/\/viviendoporlafe.com\/\"><strong>Viviendo por la fe<\/strong><\/a><\/p>\n","protected":false},"excerpt":{"rendered":"<p>Existen aproximadamente 761 millones de personas en todo el mundo que tienen alrededor de 65 a\u00f1os o m\u00e1s, seg\u00fan una investigaci\u00f3n realizada por ONU (Naciones Unidas). Estas personas han crecido sin tecnolog\u00eda, han visto la evoluci\u00f3n y los avances de todo lo que ahora vemos y han sobrevivido hasta la \u00faltima pandemia. Tristemente, estas son [&hellip;]<\/p>\n","protected":false},"author":250,"featured_media":379771,"comment_status":"closed","ping_status":"open","sticky":false,"template":"","format":"standard","meta":{"footnotes":""},"categories":[28856,28846],"tags":[18960,5758,28865,7736,28884],"site":[18871],"class_list":["post-379770","post","type-post","status-publish","format-standard","has-post-thumbnail","hentry","category-grupo-caleb","category-proyecto-social","tag-bendicion","tag-dios","tag-espiritu-santo","tag-fe","tag-salvacion","site-noticias-de-la-iglesia"],"amp_enabled":true,"_links":{"self":[{"href":"https:\/\/universalchurchusa.org\/es\/wp-json\/wp\/v2\/posts\/379770","targetHints":{"allow":["GET"]}}],"collection":[{"href":"https:\/\/universalchurchusa.org\/es\/wp-json\/wp\/v2\/posts"}],"about":[{"href":"https:\/\/universalchurchusa.org\/es\/wp-json\/wp\/v2\/types\/post"}],"author":[{"embeddable":true,"href":"https:\/\/universalchurchusa.org\/es\/wp-json\/wp\/v2\/users\/250"}],"replies":[{"embeddable":true,"href":"https:\/\/universalchurchusa.org\/es\/wp-json\/wp\/v2\/comments?post=379770"}],"version-history":[{"count":3,"href":"https:\/\/universalchurchusa.org\/es\/wp-json\/wp\/v2\/posts\/379770\/revisions"}],"predecessor-version":[{"id":379789,"href":"https:\/\/universalchurchusa.org\/es\/wp-json\/wp\/v2\/posts\/379770\/revisions\/379789"}],"wp:featuredmedia":[{"embeddable":true,"href":"https:\/\/universalchurchusa.org\/es\/wp-json\/wp\/v2\/media\/379771"}],"wp:attachment":[{"href":"https:\/\/universalchurchusa.org\/es\/wp-json\/wp\/v2\/media?parent=379770"}],"wp:term":[{"taxonomy":"category","embeddable":true,"href":"https:\/\/universalchurchusa.org\/es\/wp-json\/wp\/v2\/categories?post=379770"},{"taxonomy":"post_tag","embeddable":true,"href":"https:\/\/universalchurchusa.org\/es\/wp-json\/wp\/v2\/tags?post=379770"},{"taxonomy":"site","embeddable":true,"href":"https:\/\/universalchurchusa.org\/es\/wp-json\/wp\/v2\/site?post=379770"}],"curies":[{"name":"wp","href":"https:\/\/api.w.org\/{rel}","templated":true}]}}