{"id":379301,"date":"2023-02-06T14:12:14","date_gmt":"2023-02-06T22:12:14","guid":{"rendered":"https:\/\/universalchurchusa.org\/es\/?p=379301"},"modified":"2023-02-10T16:37:54","modified_gmt":"2023-02-11T00:37:54","slug":"el-dia-en-que-naci","status":"publish","type":"post","link":"http:\/\/universalchurchusa.org\/es\/noticias\/post\/el-dia-en-que-naci\/","title":{"rendered":"El d\u00eda en que nac\u00ed"},"content":{"rendered":"<p>Una bonita ma\u00f1ana de domingo, estaba sentada en la primera fila y me parec\u00eda que eso era suficiente a fin de cuentas, estaba en la iglesia desde ni\u00f1a. Conoc\u00eda todas las historias de la Biblia y ten\u00eda perfecto conocimiento sobre lo que estaba bien y lo que estaba mal. All\u00ed estaba yo, una adolescente que no tomaba drogas, no iba con malas compa\u00f1\u00edas, no iba a fiestas o discotecas, no beb\u00eda, no ten\u00eda novio y no ment\u00eda. Aquel d\u00eda, el obispo predic\u00f3 sobre la par\u00e1bola de la ciza\u00f1a y, de repente, mi coraz\u00f3n comenz\u00f3 a latir m\u00e1s fuerte. No sab\u00eda el porqu\u00e9, pero empec\u00e9 a tener la impresi\u00f3n de que era ciza\u00f1a y no trigo. \u00a1No consegu\u00eda entender nada, al fin y al cabo, era pr\u00e1cticamente una \u201csanta\u201d! \u00a1Porque me sent\u00eda como si no fuese trigo, es decir, como si no fuese hija de Dios!<\/p>\n<p>En seguida, el obispo pidi\u00f3 que fueran delante del altar aquellos que hab\u00edan reconocido su condici\u00f3n espiritual y que, por eso, les gustar\u00eda tener un verdadero encuentro con Dios. Todo tipo de pensamientos vinieron a mi mente en aquel instante. Si iba delante del altar, mi familia y mis amigos me ver\u00edan y descubrir\u00edan que los hab\u00eda estado enga\u00f1ando durante todo aquel tiempo. Estaba muy avergonzada, por eso, pens\u00e9 en quedarme y hacer mi oraci\u00f3n all\u00ed mismo, donde estaba. Mientras tanto, algo me dec\u00eda que deb\u00eda quebrar mi orgullo para poder conocer a Dios. Ten\u00eda que renunciar a mi imagen delante de los otros; ese era el precio que ten\u00eda que pagar. Entonces, fui hacia delante. \u00a0Sent\u00ed que todos me miraban, pero estaba determinada a despojarme de aquella imagen de &#8220;santa&#8221; y ser quien realmente era delante de Dios.<\/p>\n<p>Aquel fue el \u00faltimo minuto de mi vieja vida. Ten\u00eda 15 a\u00f1os de edad cuando tuve mi verdadero encuentro con el Se\u00f1or Jesucristo. No estaba llena de pecados, pero era una pecadora. No viv\u00eda en el error, pero estaba equivocada. \u00a0Aquel fue el d\u00eda m\u00e1s feliz de mi vida; hasta ese momento o\u00eda hablar de Dios, pero no Le conoc\u00eda de verdad. \u00a0No consegu\u00eda dejar de llorar y, cuando la oraci\u00f3n termin\u00f3, quer\u00eda abrazar a todas las personas que estaban a mi alrededor; quer\u00eda subir a una monta\u00f1a muy alta y hablar del Se\u00f1or Jes\u00fas para el mundo entero. Simplemente no consegu\u00eda dejar de sonre\u00edr, era como si hubiera vuelto a ser una ni\u00f1a. Despu\u00e9s de aquel d\u00eda, me di cuenta de lo vac\u00eda que hab\u00eda estado mi vida; lo insegura y miedosa que hab\u00eda sido, con la mente infectada de malos pensamientos; de c\u00f3mo mis planes para el futuro hab\u00edan sido triviales y dudosos. Para ser sincera, no consegu\u00eda entender lo que era la iglesia, qui\u00e9n era el Esp\u00edritu Santo, qui\u00e9n era Dios. Sab\u00eda que era el camino adecuado, pero no <span style=\"font-size: 12pt;\">sab\u00eda el porqu\u00e9.<\/span><\/p>\n<p><span style=\"font-size: 12pt;\">Me convert\u00ed en una nueva Cristiane. Todo empez\u00f3 a tener sentido, todo se volvi\u00f3 claro y simple despu\u00e9s de aquel d\u00eda. \u00a0Ya no ten\u00eda miedo de hablar del Se\u00f1or Jes\u00fas porque \u00a1ahora realmente Lo conoc\u00eda! Simplemente me convert\u00ed en una nueva persona \u2013 la mujer que soy hoy. \u00a0Cuando miro hacia la vida que llevaba antes de nacer de Dios, tengo la sensaci\u00f3n de que viv\u00eda vac\u00eda como si fuese otra persona. Es dif\u00edcil explicar el cambio que se produjo en lo m\u00e1s profundo de mi ser. Solamente la persona que realmente es nacida de Dios consigue entenderlo. \u00a0Muchas personas tienen dificultad para entender por qu\u00e9 todav\u00eda no nacieron de Dios. No hay secretos. Simplemente renuncia a tu orgullo y reconoce que necesitas conocer a Dios y \u00c9l har\u00e1 el resto.<\/span><\/p>\n<p><span style=\"font-size: 12pt;\">Continuar\u00e1\u2026<\/span><\/p>\n<p><em>Libro:\u00a0<\/em>Mejor que comprar zapatos<br \/>\n<em>Autor: Cristiane Cardoso<\/em><\/p>\n<div class=\"container position-relative\">\n<div class=\"row\">\n<div class=\" col-md-12 col-lg-8 \">\n<section class=\"position-relative conteudo-interna\"><span style=\"font-size: 12pt;\"><span style=\"font-size: 12pt;\"><span style=\"font-size: 12pt;\"><em>Si le interesa lea tambi\u00e9n:<strong><a href=\"https:\/\/universalchurchusa.org\/es\/noticias\/post\/la-reina-perversa\/\">La reina perversa<\/a><\/strong><br \/>\n<\/em><\/span><\/span><\/span>Ubique la Universal m\u00e1s cercana a usted:<a href=\"https:\/\/universalchurchusa.org\/es\/direcciones\/\"><strong>Direcciones<\/strong><\/a><span style=\"font-size: 12pt;\">Si usted tiene una pregunta o le gustar\u00eda una orientaci\u00f3n:\u00a0<\/span><a style=\"font-size: 12pt;\" href=\"https:\/\/universalchurchusa.org\/es\/contactenos\/\"><strong>Cont\u00e1ctenos<\/strong><\/a>Si usted le gustar\u00eda a\u00f1adir su nombre y el de su familia en el libro de oraci\u00f3n:\u00a0<a href=\"https:\/\/universalchurchusa.org\/es\/libro-de-oraciones\/\"><strong>Libro de Oraci\u00f3n<\/strong><\/a><\/p>\n<p>Regrese a la p\u00e1gina principal:\u00a0<a href=\"https:\/\/universalchurchusa.org\/es\/\"><strong>P\u00e1gina Principal<\/strong><\/a><\/p>\n<p>Alimente su esp\u00edritu, leyendo mensajes de fe para su edificaci\u00f3n espiritual: <a href=\"https:\/\/viviendoporlafe.com\/\"><strong>Viviendo por la fe<\/strong><\/a><\/p>\n<\/section>\n<\/div>\n<\/div>\n<\/div>\n","protected":false},"excerpt":{"rendered":"<p>Una bonita ma\u00f1ana de domingo, estaba sentada en la primera fila y me parec\u00eda que eso era suficiente a fin de cuentas, estaba en la iglesia desde ni\u00f1a. Conoc\u00eda todas las historias de la Biblia y ten\u00eda perfecto conocimiento sobre lo que estaba bien y lo que estaba mal. All\u00ed estaba yo, una adolescente que [&hellip;]<\/p>\n","protected":false},"author":287,"featured_media":379302,"comment_status":"closed","ping_status":"open","sticky":false,"template":"","format":"standard","meta":{"footnotes":""},"categories":[28849,28847],"tags":[7736,28861,19144],"site":[18871],"class_list":["post-379301","post","type-post","status-publish","format-standard","has-post-thumbnail","hentry","category-libros","category-mensajes-de-fe","tag-fe","tag-lea","tag-mujer","site-noticias-de-la-iglesia"],"amp_enabled":true,"_links":{"self":[{"href":"https:\/\/universalchurchusa.org\/es\/wp-json\/wp\/v2\/posts\/379301","targetHints":{"allow":["GET"]}}],"collection":[{"href":"https:\/\/universalchurchusa.org\/es\/wp-json\/wp\/v2\/posts"}],"about":[{"href":"https:\/\/universalchurchusa.org\/es\/wp-json\/wp\/v2\/types\/post"}],"author":[{"embeddable":true,"href":"https:\/\/universalchurchusa.org\/es\/wp-json\/wp\/v2\/users\/287"}],"replies":[{"embeddable":true,"href":"https:\/\/universalchurchusa.org\/es\/wp-json\/wp\/v2\/comments?post=379301"}],"version-history":[{"count":10,"href":"https:\/\/universalchurchusa.org\/es\/wp-json\/wp\/v2\/posts\/379301\/revisions"}],"predecessor-version":[{"id":379373,"href":"https:\/\/universalchurchusa.org\/es\/wp-json\/wp\/v2\/posts\/379301\/revisions\/379373"}],"wp:featuredmedia":[{"embeddable":true,"href":"https:\/\/universalchurchusa.org\/es\/wp-json\/wp\/v2\/media\/379302"}],"wp:attachment":[{"href":"https:\/\/universalchurchusa.org\/es\/wp-json\/wp\/v2\/media?parent=379301"}],"wp:term":[{"taxonomy":"category","embeddable":true,"href":"https:\/\/universalchurchusa.org\/es\/wp-json\/wp\/v2\/categories?post=379301"},{"taxonomy":"post_tag","embeddable":true,"href":"https:\/\/universalchurchusa.org\/es\/wp-json\/wp\/v2\/tags?post=379301"},{"taxonomy":"site","embeddable":true,"href":"https:\/\/universalchurchusa.org\/es\/wp-json\/wp\/v2\/site?post=379301"}],"curies":[{"name":"wp","href":"https:\/\/api.w.org\/{rel}","templated":true}]}}