{"id":379095,"date":"2023-01-20T09:26:54","date_gmt":"2023-01-20T17:26:54","guid":{"rendered":"https:\/\/universalchurchusa.org\/es\/?p=379095"},"modified":"2023-04-13T14:53:33","modified_gmt":"2023-04-13T21:53:33","slug":"teen-power-group-realiza-el-evento-tpg-fair-en-los-angeles-california","status":"publish","type":"post","link":"http:\/\/universalchurchusa.org\/es\/noticias-de-la-iglesia\/post\/teen-power-group-realiza-el-evento-tpg-fair-en-los-angeles-california\/","title":{"rendered":"Teen Power Group realiz\u00f3 el evento &#8220;TPG Fair&#8221; en Los \u00c1ngeles, California"},"content":{"rendered":"<p>Actualmente el mundo est\u00e1 cada vez peor, lleno de violencia, corrupci\u00f3n, escasez, guerras y muchas m\u00e1s desgracias, es en esta \u00e9poca que m\u00e1s dif\u00edcil es criar a los hijos de la manera adecuada, buscando que lleguen a desarrollar lo mejor de sus capacidades y que se refleje en su adultez.<\/p>\n<p><img loading=\"lazy\" decoding=\"async\" class=\"alignnone wp-image-379103\" src=\"https:\/\/universalchurchusa.org\/es\/wp-content\/uploads\/sites\/6\/2023\/01\/Teen-Power-Group-realiza-el-evento-TPG-Fair-en-Los-A\u0301ngeles-California1-1-300x169.jpg\" alt=\"\" width=\"505\" height=\"284\" srcset=\"https:\/\/universalchurchusa.org\/es\/wp-content\/uploads\/sites\/6\/2023\/01\/Teen-Power-Group-realiza-el-evento-TPG-Fair-en-Los-A\u0301ngeles-California1-1-300x169.jpg 300w, https:\/\/universalchurchusa.org\/es\/wp-content\/uploads\/sites\/6\/2023\/01\/Teen-Power-Group-realiza-el-evento-TPG-Fair-en-Los-A\u0301ngeles-California1-1-1024x576.jpg 1024w, https:\/\/universalchurchusa.org\/es\/wp-content\/uploads\/sites\/6\/2023\/01\/Teen-Power-Group-realiza-el-evento-TPG-Fair-en-Los-A\u0301ngeles-California1-1-768x432.jpg 768w, https:\/\/universalchurchusa.org\/es\/wp-content\/uploads\/sites\/6\/2023\/01\/Teen-Power-Group-realiza-el-evento-TPG-Fair-en-Los-A\u0301ngeles-California1-1-1536x864.jpg 1536w, https:\/\/universalchurchusa.org\/es\/wp-content\/uploads\/sites\/6\/2023\/01\/Teen-Power-Group-realiza-el-evento-TPG-Fair-en-Los-A\u0301ngeles-California1-1-318x179.jpg 318w, https:\/\/universalchurchusa.org\/es\/wp-content\/uploads\/sites\/6\/2023\/01\/Teen-Power-Group-realiza-el-evento-TPG-Fair-en-Los-A\u0301ngeles-California1-1.jpg 1920w\" sizes=\"auto, (max-width: 505px) 100vw, 505px\" \/><\/p>\n<p>El conv\u00edvio entre los teens y los padres de familia es esencial para poder mantener la uni\u00f3n. Se ha demostrado que cuando las familias que disfrutan m\u00e1s actividades juntos, los ni\u00f1os aprenden habilidades sociales de manera m\u00e1s r\u00e1pida y adicionalmente tienen una mayor autoestima. Por estas razones, compartir tiempo junto a los tuyos es fundamental para el desarrollo personal y social de las personas como individuos.<\/p>\n<p><img loading=\"lazy\" decoding=\"async\" class=\"alignnone wp-image-379104\" src=\"https:\/\/universalchurchusa.org\/es\/wp-content\/uploads\/sites\/6\/2023\/01\/Teen-Power-Group-realiza-el-evento-TPG-Fair-en-Los-A\u0301ngeles-California2-300x169.jpg\" alt=\"\" width=\"505\" height=\"284\" srcset=\"https:\/\/universalchurchusa.org\/es\/wp-content\/uploads\/sites\/6\/2023\/01\/Teen-Power-Group-realiza-el-evento-TPG-Fair-en-Los-A\u0301ngeles-California2-300x169.jpg 300w, https:\/\/universalchurchusa.org\/es\/wp-content\/uploads\/sites\/6\/2023\/01\/Teen-Power-Group-realiza-el-evento-TPG-Fair-en-Los-A\u0301ngeles-California2-1024x576.jpg 1024w, https:\/\/universalchurchusa.org\/es\/wp-content\/uploads\/sites\/6\/2023\/01\/Teen-Power-Group-realiza-el-evento-TPG-Fair-en-Los-A\u0301ngeles-California2-768x432.jpg 768w, https:\/\/universalchurchusa.org\/es\/wp-content\/uploads\/sites\/6\/2023\/01\/Teen-Power-Group-realiza-el-evento-TPG-Fair-en-Los-A\u0301ngeles-California2-1536x864.jpg 1536w, https:\/\/universalchurchusa.org\/es\/wp-content\/uploads\/sites\/6\/2023\/01\/Teen-Power-Group-realiza-el-evento-TPG-Fair-en-Los-A\u0301ngeles-California2-318x179.jpg 318w, https:\/\/universalchurchusa.org\/es\/wp-content\/uploads\/sites\/6\/2023\/01\/Teen-Power-Group-realiza-el-evento-TPG-Fair-en-Los-A\u0301ngeles-California2.jpg 1920w\" sizes=\"auto, (max-width: 505px) 100vw, 505px\" \/><\/p>\n<p>Sin embargo, este no ha sido el caso en la vida de muchos preadolescentes, ya que viven en un hogar disfuncional o pasan la mayor parte de su tiempo a solas. Esto, aunque haya personas que lo consideren no importante, tiene un gran efecto en el desarrollo del preadolescente (emocional e, incluso, f\u00edsico).<\/p>\n<p><img loading=\"lazy\" decoding=\"async\" class=\"alignnone wp-image-379105\" src=\"https:\/\/universalchurchusa.org\/es\/wp-content\/uploads\/sites\/6\/2023\/01\/Teen-Power-Group-realiza-el-evento-TPG-Fair-en-Los-A\u0301ngeles-California3-300x169.jpg\" alt=\"\" width=\"505\" height=\"284\" srcset=\"https:\/\/universalchurchusa.org\/es\/wp-content\/uploads\/sites\/6\/2023\/01\/Teen-Power-Group-realiza-el-evento-TPG-Fair-en-Los-A\u0301ngeles-California3-300x169.jpg 300w, https:\/\/universalchurchusa.org\/es\/wp-content\/uploads\/sites\/6\/2023\/01\/Teen-Power-Group-realiza-el-evento-TPG-Fair-en-Los-A\u0301ngeles-California3-1024x576.jpg 1024w, https:\/\/universalchurchusa.org\/es\/wp-content\/uploads\/sites\/6\/2023\/01\/Teen-Power-Group-realiza-el-evento-TPG-Fair-en-Los-A\u0301ngeles-California3-768x432.jpg 768w, https:\/\/universalchurchusa.org\/es\/wp-content\/uploads\/sites\/6\/2023\/01\/Teen-Power-Group-realiza-el-evento-TPG-Fair-en-Los-A\u0301ngeles-California3-1536x864.jpg 1536w, https:\/\/universalchurchusa.org\/es\/wp-content\/uploads\/sites\/6\/2023\/01\/Teen-Power-Group-realiza-el-evento-TPG-Fair-en-Los-A\u0301ngeles-California3-318x179.jpg 318w, https:\/\/universalchurchusa.org\/es\/wp-content\/uploads\/sites\/6\/2023\/01\/Teen-Power-Group-realiza-el-evento-TPG-Fair-en-Los-A\u0301ngeles-California3.jpg 1920w\" sizes=\"auto, (max-width: 505px) 100vw, 505px\" \/><\/p>\n<p>Es por eso que, el grupo TPG (Teen Power Group) realiz\u00f3 el pasado domingo, 25 de diciembre un evento especial denominado <strong><em>TPG Fair<\/em><\/strong>, donde los preadolescentes, familiares y amigos tuvieron un momento en familia donde se divirtieron con juegos, comida, premios y la distribuci\u00f3n de juguetes. Todos los presentes, pudieron divertirse en familia y aprender de la importancia de la uni\u00f3n y el amor para el crecimiento de los hijos e hijas para que lleguen a ser mujeres y hombres de Dios.<\/p>\n<p><img loading=\"lazy\" decoding=\"async\" class=\"alignnone wp-image-379106\" src=\"https:\/\/universalchurchusa.org\/es\/wp-content\/uploads\/sites\/6\/2023\/01\/Teen-Power-Group-realiza-el-evento-TPG-Fair-en-Los-A\u0301ngeles-California4-300x169.jpg\" alt=\"\" width=\"505\" height=\"284\" srcset=\"https:\/\/universalchurchusa.org\/es\/wp-content\/uploads\/sites\/6\/2023\/01\/Teen-Power-Group-realiza-el-evento-TPG-Fair-en-Los-A\u0301ngeles-California4-300x169.jpg 300w, https:\/\/universalchurchusa.org\/es\/wp-content\/uploads\/sites\/6\/2023\/01\/Teen-Power-Group-realiza-el-evento-TPG-Fair-en-Los-A\u0301ngeles-California4-1024x576.jpg 1024w, https:\/\/universalchurchusa.org\/es\/wp-content\/uploads\/sites\/6\/2023\/01\/Teen-Power-Group-realiza-el-evento-TPG-Fair-en-Los-A\u0301ngeles-California4-768x432.jpg 768w, https:\/\/universalchurchusa.org\/es\/wp-content\/uploads\/sites\/6\/2023\/01\/Teen-Power-Group-realiza-el-evento-TPG-Fair-en-Los-A\u0301ngeles-California4-1536x864.jpg 1536w, https:\/\/universalchurchusa.org\/es\/wp-content\/uploads\/sites\/6\/2023\/01\/Teen-Power-Group-realiza-el-evento-TPG-Fair-en-Los-A\u0301ngeles-California4-318x179.jpg 318w, https:\/\/universalchurchusa.org\/es\/wp-content\/uploads\/sites\/6\/2023\/01\/Teen-Power-Group-realiza-el-evento-TPG-Fair-en-Los-A\u0301ngeles-California4.jpg 1920w\" sizes=\"auto, (max-width: 505px) 100vw, 505px\" \/><\/p>\n<p>Si quieres informarte m\u00e1s sobre los eventos semejantes al\u00a0<em><strong>TPG Fair<\/strong><\/em> reuniones especiales, competencias deportivas, labores sociales y evangel\u00edsticas y muchas otras sorpresas que el TPG est\u00e1 preparando para este a\u00f1o de 2023, vis\u00edtanos en el\u00a0<em>703 S Broadway, esquina con la calle 7 en Los \u00c1ngeles, California,<\/em>\u00a0o en la Universal m\u00e1s cercana a ti. Incluso, si no te quieres perder lo m\u00e1s reciente del TPG en los Estados Unidos, acomp\u00e1\u00f1anos a trav\u00e9s de las siguientes plataformas:<\/p>\n<p>Facebook:<span style=\"color: #ff6600;\">\u00a0<a style=\"color: #ff6600;\" href=\"https:\/\/www.facebook.com\/TeenPowerGroup\"><strong>TPG FB<\/strong><\/a><\/span><\/p>\n<p>Instagram:<span style=\"color: #99cc00;\">\u00a0<span style=\"color: #339966;\"><a style=\"color: #339966;\" href=\"https:\/\/instagram.com\/teenpowergroup?igshid=hb2p65xegm4m\"><strong>TPG IG<\/strong><\/a><\/span><\/span><\/p>\n<p>Ubique la Universal m\u00e1s cercana a usted:\u00a0<span style=\"color: #ff6600;\"><a style=\"color: #ff6600;\" href=\"https:\/\/universalchurchusa.org\/es\/direcciones\/\"><strong>Direcciones<\/strong><\/a><\/span><\/p>\n<p>Si usted tiene una pregunta o le gustar\u00eda una orientaci\u00f3n: <strong><span style=\"color: #339966;\"><a style=\"color: #339966;\" href=\"https:\/\/universalchurchusa.org\/es\/contactenos\/\">Cont\u00e1ctenos <\/a>\u00a0<\/span><\/strong><\/p>\n<p>Fuente Consultada:<strong> <span style=\"color: #ff6600;\"><a style=\"color: #ff6600;\" href=\"https:\/\/www.laascension.com\/union-familiar\">Uni\u00f3n Familiar<\/a><\/span><\/strong><\/p>\n<p>Si le gustar\u00eda colocar su nombre y el de su familia en el libro de oraci\u00f3n:<span style=\"color: #339966;\">\u00a0<a style=\"color: #339966;\" href=\"https:\/\/universalchurchusa.org\/es\/contactenos\/\"><strong>Libro de Oraci\u00f3n<\/strong><\/a><\/span><\/p>\n<p>Regrese a la p\u00e1gina principal:<span style=\"color: #ff6600;\">\u00a0<\/span><a href=\"https:\/\/universalchurchusa.org\/es\/\"><strong><span style=\"color: #ff6600;\">P\u00e1gina Principal<\/span><\/strong><\/a><\/p>\n","protected":false},"excerpt":{"rendered":"<p>Actualmente el mundo est\u00e1 cada vez peor, lleno de violencia, corrupci\u00f3n, escasez, guerras y muchas m\u00e1s desgracias, es en esta \u00e9poca que m\u00e1s dif\u00edcil es criar a los hijos de la manera adecuada, buscando que lleguen a desarrollar lo mejor de sus capacidades y que se refleje en su adultez. El conv\u00edvio entre los teens [&hellip;]<\/p>\n","protected":false},"author":250,"featured_media":379098,"comment_status":"closed","ping_status":"open","sticky":false,"template":"","format":"standard","meta":{"footnotes":""},"categories":[28846,28855,28854],"tags":[18960,5758,28865,13133,17546],"site":[18871],"class_list":["post-379095","post","type-post","status-publish","format-standard","has-post-thumbnail","hentry","category-proyecto-social","category-teen-power-group","category-youth-power-group","tag-bendicion","tag-dios","tag-espiritu-santo","tag-oracion","tag-transformacion-de-vida","site-noticias-de-la-iglesia"],"amp_enabled":true,"_links":{"self":[{"href":"https:\/\/universalchurchusa.org\/es\/wp-json\/wp\/v2\/posts\/379095","targetHints":{"allow":["GET"]}}],"collection":[{"href":"https:\/\/universalchurchusa.org\/es\/wp-json\/wp\/v2\/posts"}],"about":[{"href":"https:\/\/universalchurchusa.org\/es\/wp-json\/wp\/v2\/types\/post"}],"author":[{"embeddable":true,"href":"https:\/\/universalchurchusa.org\/es\/wp-json\/wp\/v2\/users\/250"}],"replies":[{"embeddable":true,"href":"https:\/\/universalchurchusa.org\/es\/wp-json\/wp\/v2\/comments?post=379095"}],"version-history":[{"count":4,"href":"https:\/\/universalchurchusa.org\/es\/wp-json\/wp\/v2\/posts\/379095\/revisions"}],"predecessor-version":[{"id":379143,"href":"https:\/\/universalchurchusa.org\/es\/wp-json\/wp\/v2\/posts\/379095\/revisions\/379143"}],"wp:featuredmedia":[{"embeddable":true,"href":"https:\/\/universalchurchusa.org\/es\/wp-json\/wp\/v2\/media\/379098"}],"wp:attachment":[{"href":"https:\/\/universalchurchusa.org\/es\/wp-json\/wp\/v2\/media?parent=379095"}],"wp:term":[{"taxonomy":"category","embeddable":true,"href":"https:\/\/universalchurchusa.org\/es\/wp-json\/wp\/v2\/categories?post=379095"},{"taxonomy":"post_tag","embeddable":true,"href":"https:\/\/universalchurchusa.org\/es\/wp-json\/wp\/v2\/tags?post=379095"},{"taxonomy":"site","embeddable":true,"href":"https:\/\/universalchurchusa.org\/es\/wp-json\/wp\/v2\/site?post=379095"}],"curies":[{"name":"wp","href":"https:\/\/api.w.org\/{rel}","templated":true}]}}