{"id":377779,"date":"2022-11-15T16:38:56","date_gmt":"2022-11-16T00:38:56","guid":{"rendered":"https:\/\/universalchurchusa.org\/es\/?p=377779"},"modified":"2022-11-15T16:39:17","modified_gmt":"2022-11-16T00:39:17","slug":"elecciones-en-ee-uu-el-partido-democrata-mantiene-el-control-del-senado-en-estados-unidos-con-las-victorias-en-nevada-y-arizona","status":"publish","type":"post","link":"http:\/\/universalchurchusa.org\/es\/noticias\/post\/elecciones-en-ee-uu-el-partido-democrata-mantiene-el-control-del-senado-en-estados-unidos-con-las-victorias-en-nevada-y-arizona\/","title":{"rendered":"Elecciones en EE.UU.: el Partido Dem\u00f3crata mantiene el control del Senado en Estados Unidos con las victorias en Nevada y Arizona"},"content":{"rendered":"<p class=\"bbc-hhl7in\" style=\"margin: 0in; background: #FDFDFD;\"><span style=\"font-family: helvetica, arial, sans-serif;\"><b><span style=\"color: #141414;\">Tras ganar una carrera fundamental en el estado de Nevada, EE.UU., los dem\u00f3cratas conservar\u00e1n el control mayoritario del Senado del pa\u00eds.<\/span><\/b><\/span><\/p>\n<p class=\"bbc-hhl7in\" style=\"margin: 0in; background: #FDFDFD;\"><span style=\"font-family: helvetica, arial, sans-serif; color: #141414;\">\u00a0<\/span><\/p>\n<p class=\"bbc-hhl7in\" style=\"margin: 0in; background: #FDFDFD;\"><span style=\"font-family: helvetica, arial, sans-serif; color: #141414;\">Seg\u00fan estimaciones de la cadena estadounidense CBS, socia de la BBC, la senadora\u00a0<b>Catherine Cortez Masto<\/b>\u00a0mantendr\u00e1 su esca\u00f1o tras superar al candidato republicano Adam Laxalt.<\/span><\/p>\n<p><span style=\"font-family: helvetica, arial, sans-serif;\">Con este resultado,\u00a0<strong>los dem\u00f3cratas ahora tendr\u00e1n 50\u00a0esca\u00f1os\u00a0en el Senado y los republicanos, 49.<\/strong><\/span><\/p>\n<p><span style=\"font-family: helvetica, arial, sans-serif;\">Todav\u00eda se ha de conocer qui\u00e9n se hace con el esca\u00f1o de Georgia, donde se celebrar\u00e1 una segunda vuelta el 6 de diciembre, despu\u00e9s de que ninguno de los candidatos obtuviera m\u00e1s del 50% de los votos.<\/span><\/p>\n<p><span style=\"font-family: helvetica, arial, sans-serif;\">Mientras tanto, los republicanos parecen estar cada vez m\u00e1s cerca de la mayor\u00eda en la C\u00e1mara de Representantes.<\/span><\/p>\n<h2><span style=\"font-family: helvetica, arial, sans-serif;\"><strong>\u00bfQui\u00e9n es Catherine Cortez Masto?<\/strong><\/span><\/h2>\n<p><span style=\"font-family: helvetica, arial, sans-serif;\">La senadora Catherine Cortez Masto, de 58 a\u00f1os, es conocida por su perfil reservado en el trabajo, algo que mantuvo en la campa\u00f1a electoral.<\/span><\/p>\n<p><span style=\"font-family: helvetica, arial, sans-serif;\">Incluso sus partidarios admiten que algunos votantes no saben su nombre completo y en su lugar simplemente la llaman &#8220;la senadora&#8221;.<\/span><\/p>\n<p><span style=\"font-family: helvetica, arial, sans-serif;\">Su padre, Manny, fue un pol\u00edtico de Nevada que se abri\u00f3 camino trabajando en un estacionamiento, para luego convertirse en abogado y m\u00e1s tarde en presidente de la poderosa agencia gubernamental que promueve la industria tur\u00edstica m\u00e1s importante del estado.<\/span><\/p>\n<p><span style=\"font-family: helvetica, arial, sans-serif;\">La senadora perdi\u00f3 16 de los 17 condados de Nevada, pero domin\u00f3 en el condado de Clark, donde vive m\u00e1s del 70% de la poblaci\u00f3n del estado, incluidos los trabajadores de servicios que mantienen las luces encendidas en Las Vegas.<\/span><\/p>\n<p><span style=\"font-family: helvetica, arial, sans-serif;\"><strong>Se expres\u00f3 abiertamente a favor del aborto legalizado y el control de armas<\/strong>.<\/span><\/p>\n<p><span style=\"font-family: helvetica, arial, sans-serif;\">Vot\u00f3 para condenar a Trump por incitaci\u00f3n a la insurrecci\u00f3n tras el ataque del 6 de enero de 2021 al Capitolio de Estados Unidos.<\/span><\/p>\n<p><span style=\"font-family: helvetica, arial, sans-serif;\">Hist\u00f3ricamente, los latinos son un bloque de tendencia dem\u00f3crata y la plataforma de inmigraci\u00f3n de Donald Trump los anim\u00f3 particularmente a votar en contra de los republicanos en esa elecci\u00f3n.<\/span><\/p>\n<h2><span style=\"font-family: helvetica, arial, sans-serif;\"><strong>\u00bfQu\u00e9 pas\u00f3 en Arizona?<\/strong><\/span><\/h2>\n<p><span style=\"font-family: helvetica, arial, sans-serif;\">El dem\u00f3crata\u00a0<strong>Mark Kelly\u00a0<\/strong>venci\u00f3 a su oponente republicano Blake Masters en la pelea por un esca\u00f1o en el Senado por el estado de Arizona en las <span style=\"text-decoration: line-through;\">las<\/span> elecciones de medio t\u00e9rmino de Estados Unidos.<\/span><\/p>\n<p><span style=\"font-family: helvetica, arial, sans-serif;\">Kelly, un exastronauta cuya esposa, Gabby Giffords, sobrevivi\u00f3 a un intento de asesinato cuando era legisladora estadounidense, fue elegido por primera vez hace dos a\u00f1os para cumplir el resto del mandato del difunto John McCain en el Senado.<\/span><\/p>\n<p><span style=\"font-family: helvetica, arial, sans-serif;\">En un comunicado, Kelly dijo: &#8220;Desde el primer d\u00eda, esta campa\u00f1a se ha centrado en los muchos arizonianos, dem\u00f3cratas, independientes y republicanos, que creen en trabajar juntos para abordar los importantes desaf\u00edos que enfrentamos&#8221;.<\/span><\/p>\n<p><span style=\"font-family: helvetica, arial, sans-serif;\">&#8220;Eso es exactamente lo que he hecho en mis primeros dos a\u00f1os en el cargo y lo que continuar\u00e9 haciendo mientras est\u00e9 all\u00ed&#8221;.<\/span><\/p>\n<p><span style=\"font-family: helvetica, arial, sans-serif;\">El resultado es otro golpe para los republicanos, que esperaban una &#8220;ola roja&#8221;, una derrota electoral que supondr\u00eda una dura reprimenda al presidente Joe Biden y a los dem\u00f3cratas.<\/span><\/p>\n<h2><span style=\"font-family: helvetica, arial, sans-serif;\"><strong>Contexto<\/strong><\/span><\/h2>\n<p><span style=\"font-family: helvetica, arial, sans-serif;\">Las elecciones de mitad de per\u00edodo son para el Congreso, que se compone de dos partes: la C\u00e1mara de Representantes y el Senado.<\/span><\/p>\n<p><span style=\"font-family: helvetica, arial, sans-serif;\">El Congreso elabora leyes a nivel nacional. La C\u00e1mara decide qu\u00e9 leyes se votan, mientras que el Senado puede bloquearlas o aprobarlas, confirmar los nombramientos hechos por el presidente y, en raras ocasiones, realizar investigaciones en su contra.<\/span><\/p>\n<p><span style=\"font-family: helvetica, arial, sans-serif;\">Estas elecciones se llevan a cabo cada dos a\u00f1os, cuando caen en la mitad del mandato de cuatro a\u00f1os del presidente.<\/span><\/p>\n<p><span style=\"font-family: helvetica, arial, sans-serif;\">Cada estado tiene dos senadores, que ocupan el cargo por per\u00edodos de seis a\u00f1os. Los representantes oucpan el puesto por dos a\u00f1os y representan distritos m\u00e1s peque\u00f1os.<\/span><\/p>\n<p><span style=\"font-family: helvetica, arial, sans-serif;\">Todos los esca\u00f1os de la C\u00e1mara de Representantes se sometieron a elecci\u00f3n en las elecciones de mitad de per\u00edodo, junto con un tercio del Senado.<\/span><\/p>\n<p><span style=\"font-family: helvetica, arial, sans-serif;\">Varios estados importantes tambi\u00e9n tuvieron elecciones para elegir a su gobernador y funcionarios locales.<\/span><\/p>\n<p>&nbsp;<\/p>\n<p><span style=\"font-family: helvetica, arial, sans-serif;\">Fuente consultada:\u00a0<a href=\"https:\/\/www.bbc.com\/mundo\/noticias-internacional-63612547\"><strong>BBC<\/strong><\/a><\/span><\/p>\n<p><span style=\"font-family: helvetica, arial, sans-serif;\">Si le interesa lea tambi\u00e9n: <a href=\"https:\/\/universalchurchusa.org\/es\/noticias\/post\/sin-agua-electricidad-o-internet-solo-hay-euforia-en-la-ciudad-de-jerson-recien-liberada\/\"><strong>Sin agua, electricidad o internet: solo hay euforia en la ciudad de Jers\u00f3n reci\u00e9n liberada<\/strong><\/a><\/span><\/p>\n","protected":false},"excerpt":{"rendered":"<p>Tras ganar una carrera fundamental en el estado de Nevada, EE.UU., los dem\u00f3cratas conservar\u00e1n el control mayoritario del Senado del pa\u00eds. \u00a0 Seg\u00fan estimaciones de la cadena estadounidense CBS, socia de la BBC, la senadora\u00a0Catherine Cortez Masto\u00a0mantendr\u00e1 su esca\u00f1o tras superar al candidato republicano Adam Laxalt. Con este resultado,\u00a0los dem\u00f3cratas ahora tendr\u00e1n 50\u00a0esca\u00f1os\u00a0en el Senado [&hellip;]<\/p>\n","protected":false},"author":250,"featured_media":377774,"comment_status":"open","ping_status":"open","sticky":false,"template":"","format":"standard","meta":{"footnotes":""},"categories":[1],"tags":[12774],"site":[18871],"class_list":["post-377779","post","type-post","status-publish","format-standard","has-post-thumbnail","hentry","category-sin-categoria","tag-noticias","site-noticias-de-la-iglesia"],"amp_enabled":true,"_links":{"self":[{"href":"https:\/\/universalchurchusa.org\/es\/wp-json\/wp\/v2\/posts\/377779","targetHints":{"allow":["GET"]}}],"collection":[{"href":"https:\/\/universalchurchusa.org\/es\/wp-json\/wp\/v2\/posts"}],"about":[{"href":"https:\/\/universalchurchusa.org\/es\/wp-json\/wp\/v2\/types\/post"}],"author":[{"embeddable":true,"href":"https:\/\/universalchurchusa.org\/es\/wp-json\/wp\/v2\/users\/250"}],"replies":[{"embeddable":true,"href":"https:\/\/universalchurchusa.org\/es\/wp-json\/wp\/v2\/comments?post=377779"}],"version-history":[{"count":2,"href":"https:\/\/universalchurchusa.org\/es\/wp-json\/wp\/v2\/posts\/377779\/revisions"}],"predecessor-version":[{"id":377782,"href":"https:\/\/universalchurchusa.org\/es\/wp-json\/wp\/v2\/posts\/377779\/revisions\/377782"}],"wp:featuredmedia":[{"embeddable":true,"href":"https:\/\/universalchurchusa.org\/es\/wp-json\/wp\/v2\/media\/377774"}],"wp:attachment":[{"href":"https:\/\/universalchurchusa.org\/es\/wp-json\/wp\/v2\/media?parent=377779"}],"wp:term":[{"taxonomy":"category","embeddable":true,"href":"https:\/\/universalchurchusa.org\/es\/wp-json\/wp\/v2\/categories?post=377779"},{"taxonomy":"post_tag","embeddable":true,"href":"https:\/\/universalchurchusa.org\/es\/wp-json\/wp\/v2\/tags?post=377779"},{"taxonomy":"site","embeddable":true,"href":"https:\/\/universalchurchusa.org\/es\/wp-json\/wp\/v2\/site?post=377779"}],"curies":[{"name":"wp","href":"https:\/\/api.w.org\/{rel}","templated":true}]}}