{"id":377772,"date":"2022-11-15T16:31:55","date_gmt":"2022-11-16T00:31:55","guid":{"rendered":"https:\/\/universalchurchusa.org\/es\/?p=377772"},"modified":"2022-11-15T16:31:55","modified_gmt":"2022-11-16T00:31:55","slug":"sin-agua-electricidad-o-internet-solo-hay-euforia-en-la-ciudad-de-jerson-recien-liberada","status":"publish","type":"post","link":"http:\/\/universalchurchusa.org\/es\/noticias\/post\/sin-agua-electricidad-o-internet-solo-hay-euforia-en-la-ciudad-de-jerson-recien-liberada\/","title":{"rendered":"Sin agua, electricidad o internet: solo hay euforia en la ciudad de Jers\u00f3n reci\u00e9n liberada"},"content":{"rendered":"<p><span style=\"font-family: helvetica, arial, sans-serif;\">Durante ocho meses, los residentes de la ciudad ucraniana de Jers\u00f3n han estado viviendo bajo la brutal ocupaci\u00f3n rusa. Pero el viernes, las fuerzas ucranianas irrumpieron en la ciudad y\u00a0las tropas rusas se retiraron hacia el este.<\/span><\/p>\n<p><span style=\"font-family: helvetica, arial, sans-serif;\">Los residentes no tienen agua, ni conexi\u00f3n a internet y poca electricidad. Pero cuando un equipo de CNN ingres\u00f3 a la ciudad el s\u00e1bado, el ambiente era euf\u00f3rico.<\/span><\/p>\n<p><span style=\"font-family: helvetica, arial, sans-serif;\">Mientras el equipo filmaba en vivo en la plaza central de Jers\u00f3n, algunos cantaron el himno nacional mientras que otros gritaron &#8220;\u00a1Slava Ukrayini!&#8221; \u2013 Gloria a Ucrania, un saludo patri\u00f3tico.<\/span><\/p>\n<p><span style=\"font-family: helvetica, arial, sans-serif;\">\u201cNos sentimos libres, no somos esclavos, somos ucranianos\u201d, dijo a CNN la residente Olga.<\/span><\/p>\n<p><span style=\"font-family: helvetica, arial, sans-serif;\">Cuando las tropas rusas llegaron al comienzo de la guerra, esta era una ciudad que trat\u00f3 de resistir: se llevaron a la gente, la torturaron, la desaparecieron, dijeron los residentes.<\/span><\/p>\n<p><span style=\"font-family: helvetica, arial, sans-serif;\">\u201cEst\u00e1bamos aterrorizados por [el] ej\u00e9rcito ruso, est\u00e1bamos aterrorizados por los soldados que pueden entrar en cualquier momento en nuestra casa, en nuestra casa, solo abren la puerta, como si estuvieran viviendo aqu\u00ed, y roban, secuestran, torturan\u201d, dijo Olga.<\/span><\/p>\n<p><span style=\"font-family: helvetica, arial, sans-serif;\">Pero ahora, la gente acude en masa a la plaza central de la ciudad reci\u00e9n liberada, envuelta en banderas ucranianas, cantando y coreando \u201cLibertad para Ucrania\u201d.<\/span><\/p>\n<p><span style=\"font-family: helvetica, arial, sans-serif;\">\u201cTodos aqu\u00ed est\u00e1n celebrando en la plaza aqu\u00ed. La gente lleva la bandera ucraniana, abraza a los soldados, han salido a ver c\u00f3mo es tener libertad\u201d, dijo Robertson. El equipo de CNN parec\u00eda ser el primer periodista internacional en llegar al centro de la ciudad de Jers\u00f3n desde que cambi\u00f3 de manos en las \u00faltimas 48 horas.<\/span><\/p>\n<p><span style=\"font-family: helvetica, arial, sans-serif;\">Rusia anunci\u00f3 que se hab\u00eda retirado de la orilla occidental del r\u00edo Dnipro en la estrat\u00e9gica regi\u00f3n sur de Jers\u00f3n, dejando la capital regional del mismo nombre y las \u00e1reas circundantes a los ucranianos.<\/span><\/p>\n<p><span style=\"font-family: helvetica, arial, sans-serif;\">La retirada representa un gran golpe para el esfuerzo de guerra de Putin en Ucrania. Jers\u00f3n era la \u00fanica capital regional de Ucrania que las fuerzas rusas hab\u00edan capturado desde la invasi\u00f3n de febrero. Su retirada hacia el este a trav\u00e9s del Dnipro cede grandes extensiones de tierra que Rusia ha ocupado desde los primeros d\u00edas de la guerra y que Putin hab\u00eda declarado formalmente como territorio ruso hace apenas cinco semanas.<\/span><\/p>\n<p><span style=\"font-family: helvetica, arial, sans-serif;\">\u201cFue un momento muy dif\u00edcil para todos. Todas las familias ucranianas esperaban a nuestros soldados, a nuestro ej\u00e9rcito\u201d, dijo un residente de Jers\u00f3n a CNN el s\u00e1bado, recordando los meses de ocupaci\u00f3n de Rusia.<\/span><\/p>\n<p><span style=\"font-family: helvetica, arial, sans-serif;\">La mujer dijo que se sinti\u00f3 \u201cincre\u00edble\u201d al ver tropas ucranianas en Jers\u00f3n.<\/span><\/p>\n<p><span style=\"font-family: helvetica, arial, sans-serif;\">\u201cSentimos todos los d\u00edas su apoyo, muchas gracias\u201d, agreg\u00f3 la mujer, antes de abrazar a Robertson.<\/span><\/p>\n<p><span style=\"font-family: helvetica, arial, sans-serif;\">El viernes por la noche, el presidente de Ucrania, Volodymyr Zelensky, public\u00f3 un video nocturno de las celebraciones en la ciudad, donde una multitud ondeaba banderas y coreaba &#8220;ZSU&#8221;, el acr\u00f3nimo ucraniano de las fuerzas armadas.<\/span><\/p>\n<p><span style=\"font-family: helvetica, arial, sans-serif;\">M\u00e1s temprano ese d\u00eda, el comando operativo del sur del ej\u00e9rcito ucraniano dijo que las fuerzas rusas hab\u00edan estado \u201cembarcando con urgencia en botes que parecen adecuados para cruzar e intentar escapar\u201d a trav\u00e9s del r\u00edo.<\/span><\/p>\n<p><span style=\"font-family: helvetica, arial, sans-serif;\">No estaba claro si todas las tropas rusas hab\u00edan abandonado Jers\u00f3n y la regi\u00f3n en general. Serhiy Khlan, miembro del consejo regional de Jers\u00f3n de Ucrania, dijo que la ciudad estaba \u201ccasi bajo el control de las Fuerzas Armadas de Ucrania\u201d, pero advirti\u00f3 que algunas tropas rusas podr\u00edan haberse quedado vestidas de civil.<\/span><\/p>\n<p><span style=\"font-family: helvetica, arial, sans-serif;\">Advirti\u00f3 que muchas tropas rusas \u201ctiraron sus uniformes militares y ahora se esconden con ropa de civil\u201d.<\/span><\/p>\n<p>&nbsp;<\/p>\n<p><span style=\"font-family: helvetica, arial, sans-serif;\">Fuente consultada:\u00a0<a href=\"https:\/\/cnnespanol.cnn.com\/2022\/11\/12\/euforia-en-la-ciudad-de-jerson-ucrania-recien-liberada-trax\/\"><strong>CNN Espa\u00f1ol<\/strong><\/a><\/span><\/p>\n<p><span style=\"font-family: helvetica, arial, sans-serif;\">Si le interesa lea tambi\u00e9n: <a href=\"https:\/\/universalchurchusa.org\/es\/noticias\/post\/armas-nucleares-taiwan-y-rusia-fueron-temas-claves-en-reunion-de-biden-y-xi-jinping-para-bajar-tensiones\/\"><strong>Armas nucleares, Taiw\u00e1n y Rusia fueron temas claves en reuni\u00f3n de Biden y Xi Jinping para bajar tensiones<\/strong><\/a><\/span><\/p>\n","protected":false},"excerpt":{"rendered":"<p>Durante ocho meses, los residentes de la ciudad ucraniana de Jers\u00f3n han estado viviendo bajo la brutal ocupaci\u00f3n rusa. Pero el viernes, las fuerzas ucranianas irrumpieron en la ciudad y\u00a0las tropas rusas se retiraron hacia el este. Los residentes no tienen agua, ni conexi\u00f3n a internet y poca electricidad. Pero cuando un equipo de CNN [&hellip;]<\/p>\n","protected":false},"author":250,"featured_media":377773,"comment_status":"open","ping_status":"open","sticky":false,"template":"","format":"standard","meta":{"footnotes":""},"categories":[1],"tags":[12774],"site":[18871],"class_list":["post-377772","post","type-post","status-publish","format-standard","has-post-thumbnail","hentry","category-sin-categoria","tag-noticias","site-noticias-de-la-iglesia"],"amp_enabled":true,"_links":{"self":[{"href":"https:\/\/universalchurchusa.org\/es\/wp-json\/wp\/v2\/posts\/377772","targetHints":{"allow":["GET"]}}],"collection":[{"href":"https:\/\/universalchurchusa.org\/es\/wp-json\/wp\/v2\/posts"}],"about":[{"href":"https:\/\/universalchurchusa.org\/es\/wp-json\/wp\/v2\/types\/post"}],"author":[{"embeddable":true,"href":"https:\/\/universalchurchusa.org\/es\/wp-json\/wp\/v2\/users\/250"}],"replies":[{"embeddable":true,"href":"https:\/\/universalchurchusa.org\/es\/wp-json\/wp\/v2\/comments?post=377772"}],"version-history":[{"count":2,"href":"https:\/\/universalchurchusa.org\/es\/wp-json\/wp\/v2\/posts\/377772\/revisions"}],"predecessor-version":[{"id":377778,"href":"https:\/\/universalchurchusa.org\/es\/wp-json\/wp\/v2\/posts\/377772\/revisions\/377778"}],"wp:featuredmedia":[{"embeddable":true,"href":"https:\/\/universalchurchusa.org\/es\/wp-json\/wp\/v2\/media\/377773"}],"wp:attachment":[{"href":"https:\/\/universalchurchusa.org\/es\/wp-json\/wp\/v2\/media?parent=377772"}],"wp:term":[{"taxonomy":"category","embeddable":true,"href":"https:\/\/universalchurchusa.org\/es\/wp-json\/wp\/v2\/categories?post=377772"},{"taxonomy":"post_tag","embeddable":true,"href":"https:\/\/universalchurchusa.org\/es\/wp-json\/wp\/v2\/tags?post=377772"},{"taxonomy":"site","embeddable":true,"href":"https:\/\/universalchurchusa.org\/es\/wp-json\/wp\/v2\/site?post=377772"}],"curies":[{"name":"wp","href":"https:\/\/api.w.org\/{rel}","templated":true}]}}