{"id":377771,"date":"2022-11-15T16:34:48","date_gmt":"2022-11-16T00:34:48","guid":{"rendered":"https:\/\/universalchurchusa.org\/es\/?p=377771"},"modified":"2022-11-18T11:01:39","modified_gmt":"2022-11-18T19:01:39","slug":"pergamo-parte-1","status":"publish","type":"post","link":"http:\/\/universalchurchusa.org\/es\/noticias\/post\/pergamo-parte-1\/","title":{"rendered":"P\u00e9rgamo (Parte 1)"},"content":{"rendered":"<p><span style=\"font-size: 12pt;\"><em>Y escribe al \u00e1ngel de la iglesia en P\u00e9rgamo: El que tiene la espada aguda de dos filos, dice esto: Yo s\u00e9 d\u00f3nde moras: d\u00f3nde\u00a0est\u00e1 el trono de Satan\u00e1s. Guardas fielmente Mi nombre y no has negado Mi fe, aun en los d\u00edas de Antipas, Mi testigo, Mi siervo fiel, que fue muerto entre vosotros, donde mora Satan\u00e1s.<\/em><\/span><\/p>\n<p><span style=\"font-size: 12pt;\"><em>Pero tengo unas pocas cosas contra ti, porque tienes ah\u00ed a los que mantienen la doctrina de Balaam, que ense\u00f1aba a Balac a poner tropiezo ante los hijos de Israel, a comer cosas sacrificadas a los \u00eddolos y a cometer actos de inmoralidad. As\u00ed t\u00fa tambi\u00e9n tienes algunos que de la misma manera mantienen la doctrina de los nicola\u00edtas. Por tanto, arrepi\u00e9ntete; si no, vendr\u00e9 a ti pronto y pelear\u00e9 contra ellos con la espada de Mi boca.<\/em><\/span><\/p>\n<p><span style=\"font-size: 12pt;\"><em>El que tiene o\u00eddo, oiga lo que el Esp\u00edritu dice a las iglesias. Al vencedor le dar\u00e9 del man\u00e1 escondido y le dar\u00e9 una piedrecita blanca, y grabado en la piedrecita un nombre nuevo, el cual nadie conoce sino aquel que lo recibe. \u2014<\/em> <strong>Apocalipsis 2:12-17<\/strong><\/span><\/p>\n<p><span style=\"font-size: 12pt;\">El Se\u00f1or Jes\u00fas aqu\u00ed Se presenta como <em>&#8220;El que tiene la espada aguda de dos filos&#8221; <strong>(Apocalipsis 2:12).<\/strong><\/em>La manera como \u00c9l Se presenta a cada iglesia tiene que ver con lo que aquella iglesia necesita saber. Para \u00c9feso, por ejemplo, \u00c9l era <em>&#8220;El que tiene las siete estrellas en Su mano derecha, el que anda entre los siete candelabros de oro&#8221;<\/em> <strong>(Apocalipsis 2:1)<\/strong>, destacando Su autoridad en medio de aquella iglesia que hab\u00eda abandonado el primer amor.<\/span><\/p>\n<p><span style=\"font-size: 12pt;\">Para Esmirna, \u00c9l era <em>&#8220;El primero y el \u00faltimo, el que estuvo muerto y ha vuelto a la vida&#8221; <strong>(Apocalipsis 2:8),<\/strong><\/em> confortando a los que estaban siendo duramente perseguidos y enfrentando la muerte a causa de la fe. \u00bfCu\u00e1l es el mensaje que el Se\u00f1or pretende darle a P\u00e9rgamo al presentarse como <em>&#8220;El que tiene la espada aguda de dos filos&#8221; <strong>(Apocalipsis 2:12)<\/strong><\/em>? Hay dos cosas principales para reflexionar:<\/span><\/p>\n<ol>\n<li><span style=\"font-size: 12pt;\">P\u00e9rgamo era un fuerte centro pol\u00edtico y religioso, capital de la provincia romana de Asia Menor, donde se practicaba la famosa &#8220;ley de la espada&#8221;, o sea, el poder que el emperador ten\u00eda de condenar a cualquier persona a muerte sin ning\u00fan juicio previo. El Se\u00f1or Jes\u00fas, entonces, Se refer\u00eda a Su autoridad como siendo superior a la autoridad del emperador, dejando en claro que los cristianos de P\u00e9rgamo no deb\u00edan temer a la espada humana. Al contrario, deb\u00edan temer mucho m\u00e1s a Dios.<\/span><\/li>\n<li><span style=\"font-size: 12pt;\">La espada afilada de dos filos en la Biblia es tambi\u00e9n un s\u00edmbolo de la Palabra de Dios: <em>&#8220;Porque la palabra de Dios es viva y eficaz, y m\u00e1s cortante que cualquier espada de dos filos; penetra hasta la divisi\u00f3n del alma y del esp\u00edritu, de las coyunturas y los tu\u00e9tanos, y es poderosa para discernir los pensamientos y las intenciones del coraz\u00f3n. Y no hay cosa creada oculta a Su vista, sino que todas las cosas est\u00e1n al descubierto y desnudas ante los ojos de Aquel a quien t\u00e9menos que dar cuenta&#8221; <strong>(Hebreos 4:12-13)<\/strong><\/em>. Jes\u00fas Se dirig\u00eda a los cristianos de P\u00e9rgamo para separarlos de las pr\u00e1cticas paganas a las cuales muchos estaban mezcl\u00e1ndose.<\/span><\/li>\n<\/ol>\n<p><span style=\"font-size: 12pt;\">Continuar\u00e1\u2026<\/span><\/p>\n<p><span style=\"font-size: 12pt;\"><em>Libro: La Tierra va a Prenderse Fuego\u00a0<\/em><\/span><br \/>\n<span style=\"font-size: 12pt;\"><em>Autor: Obispo Renato Cardoso<\/em><\/span><\/p>\n<p><span style=\"font-size: 12pt;\">Si le interesa lea tambi\u00e9n:\u00a0<strong><a href=\"https:\/\/universalchurchusa.org\/es\/noticias\/post\/esmirna-parte-3\/\">Esmirna (Parte 3)<\/a><\/strong><\/span><\/p>\n<p><span style=\"font-size: 12pt;\">Ubique la Universal m\u00e1s cercana a usted:<a href=\"https:\/\/universalchurchusa.org\/es\/direcciones\/\"><strong>Direcciones<\/strong><\/a><\/span><\/p>\n<p><span style=\"font-size: 12pt;\">Si usted tiene una pregunta o le gustar\u00eda una orientaci\u00f3n:\u00a0<a href=\"https:\/\/universalchurchusa.org\/es\/contactenos\/\"><strong>Cont\u00e1ctenos<\/strong><\/a><\/span><\/p>\n<p><span style=\"font-size: 12pt;\">Si usted le gustar\u00eda a\u00f1adir su nombre y el de su familia en el libro de oraci\u00f3n:\u00a0<a href=\"https:\/\/universalchurchusa.org\/es\/contactenos\/\"><strong>Libro de Oraci\u00f3n<\/strong><\/a><\/span><\/p>\n<p><span style=\"font-size: 12pt;\">Regrese a la p\u00e1gina principal:\u00a0<a href=\"https:\/\/universalchurchusa.org\/es\/\"><strong>P\u00e1gina Principal<\/strong><\/a><\/span><\/p>\n<p><span style=\"font-size: 12pt;\">Alimente su esp\u00edritu, leyendo mensajes de fe para su edificaci\u00f3n espiritual:\u00a0<a href=\"https:\/\/viviendoporlafe.com\/\"><strong>Viviendo por la fe<\/strong><\/a><\/span><\/p>\n","protected":false},"excerpt":{"rendered":"<p>Y escribe al \u00e1ngel de la iglesia en P\u00e9rgamo: El que tiene la espada aguda de dos filos, dice esto: Yo s\u00e9 d\u00f3nde moras: d\u00f3nde\u00a0est\u00e1 el trono de Satan\u00e1s. Guardas fielmente Mi nombre y no has negado Mi fe, aun en los d\u00edas de Antipas, Mi testigo, Mi siervo fiel, que fue muerto entre vosotros, [&hellip;]<\/p>\n","protected":false},"author":250,"featured_media":377777,"comment_status":"open","ping_status":"open","sticky":false,"template":"","format":"standard","meta":{"footnotes":""},"categories":[1],"tags":[7736],"site":[18871],"class_list":["post-377771","post","type-post","status-publish","format-standard","has-post-thumbnail","hentry","category-sin-categoria","tag-fe","site-noticias-de-la-iglesia"],"amp_enabled":true,"_links":{"self":[{"href":"https:\/\/universalchurchusa.org\/es\/wp-json\/wp\/v2\/posts\/377771","targetHints":{"allow":["GET"]}}],"collection":[{"href":"https:\/\/universalchurchusa.org\/es\/wp-json\/wp\/v2\/posts"}],"about":[{"href":"https:\/\/universalchurchusa.org\/es\/wp-json\/wp\/v2\/types\/post"}],"author":[{"embeddable":true,"href":"https:\/\/universalchurchusa.org\/es\/wp-json\/wp\/v2\/users\/250"}],"replies":[{"embeddable":true,"href":"https:\/\/universalchurchusa.org\/es\/wp-json\/wp\/v2\/comments?post=377771"}],"version-history":[{"count":3,"href":"https:\/\/universalchurchusa.org\/es\/wp-json\/wp\/v2\/posts\/377771\/revisions"}],"predecessor-version":[{"id":377829,"href":"https:\/\/universalchurchusa.org\/es\/wp-json\/wp\/v2\/posts\/377771\/revisions\/377829"}],"wp:featuredmedia":[{"embeddable":true,"href":"https:\/\/universalchurchusa.org\/es\/wp-json\/wp\/v2\/media\/377777"}],"wp:attachment":[{"href":"https:\/\/universalchurchusa.org\/es\/wp-json\/wp\/v2\/media?parent=377771"}],"wp:term":[{"taxonomy":"category","embeddable":true,"href":"https:\/\/universalchurchusa.org\/es\/wp-json\/wp\/v2\/categories?post=377771"},{"taxonomy":"post_tag","embeddable":true,"href":"https:\/\/universalchurchusa.org\/es\/wp-json\/wp\/v2\/tags?post=377771"},{"taxonomy":"site","embeddable":true,"href":"https:\/\/universalchurchusa.org\/es\/wp-json\/wp\/v2\/site?post=377771"}],"curies":[{"name":"wp","href":"https:\/\/api.w.org\/{rel}","templated":true}]}}