{"id":377279,"date":"2022-10-13T08:00:23","date_gmt":"2022-10-13T15:00:23","guid":{"rendered":"https:\/\/universalchurchusa.org\/es\/?p=377279"},"modified":"2022-10-07T14:11:58","modified_gmt":"2022-10-07T21:11:58","slug":"sus-tormentos-espirituales-la-habian-transformado-en-una-nina-insegura","status":"publish","type":"post","link":"http:\/\/universalchurchusa.org\/es\/noticias\/post\/sus-tormentos-espirituales-la-habian-transformado-en-una-nina-insegura\/","title":{"rendered":"Sus tormentos espirituales la hab\u00edan transformado en una ni\u00f1a insegura"},"content":{"rendered":"<p>Adriana Pereda de ni\u00f1a sol\u00eda escuchar voces que la atormentaban, seguida de alusiones que no la dejaban pegar un ojo por las noches, estos tormentos espirituales la hab\u00edan transformado en una ni\u00f1a insegura. Sufr\u00eda, adem\u00e1s, de dolores insoportables en su cuerpo, vi\u00e9ndose incapacitada a confrontar dichas dolencias debido a que recib\u00eda siempre diferentes diagn\u00f3sticos de su estado de salud.<\/p>\n<p>Su condici\u00f3n era tan sensible que incluso sufr\u00eda de constantes desmayos en p\u00fablico, por lo que opt\u00f3 por abandonar sus estudios debido al miedo de que alg\u00fan no pudiera ser auxiliada, debido a esto Adriana Pereda comenz\u00f3 a sentirte deprimida y con el pensamiento de que no pod\u00eda llevar una vida normal.<\/p>\n<p>Cuando Adriana Pereda sal\u00eda de su casa era imposible que alguien notara su sufrimiento, puesto que a ella le gustaba lucirse como el alma de la fiesta, pero la verdad es que su orgullo no le permit\u00eda expresar lo d\u00e9bil que se sent\u00eda, lo que la dejaba sola lidiando con tanto quebranto que llevaba dentro.<\/p>\n<p>No exist\u00eda forma de que Adriana Pereda no sintiera que todo era desdicha en su vida, este constante pensamiento la hizo contemplar el suicidio, y aunque tomaba siempre la determinaci\u00f3n de acabar con su vida, lo que m\u00e1s le frustraba eran sus fracasos en sus fat\u00eddicos intentos.<\/p>\n<p>Un viernes en la noche pudo ver en la televisi\u00f3n el programa de la Iglesia Universal que se transmit\u00eda en ese momento y pudo verse reflejada en los testimonios de una de las personas que hab\u00eda logrado cambiar su vida a trav\u00e9s de la fe. Cuando Adriana sali\u00f3 despu\u00e9s de su primera visita a la casa de Dios pudo notar c\u00f3mo por dentro se llenaba de una ilusi\u00f3n que le hac\u00eda creer que a partir de ese momento todo ser\u00eda diferente.<\/p>\n<p>Adriana confiesa que no hay palabras en esta vida para describir la dicha de haber recibido al Esp\u00edritu Santo dentro ella, el cual ha transformado su vida y la ha llenado de armon\u00eda y no ha dejado ni huellas de esos tormentos espirituales que alg\u00fan d\u00eda le causaron mucho da\u00f1o.<\/p>\n<p>Testimonio Adriana Pereda.<\/p>\n<p><iframe loading=\"lazy\" title=\"Desde muy joven sufro de muchos dolores y enfermedades - Adriana Pereda\" width=\"500\" height=\"281\" src=\"https:\/\/www.youtube.com\/embed\/mRAp8jc2KJQ?feature=oembed\" frameborder=\"0\" allow=\"accelerometer; autoplay; clipboard-write; encrypted-media; gyroscope; picture-in-picture; web-share\" referrerpolicy=\"strict-origin-when-cross-origin\" allowfullscreen><\/iframe><\/p>\n<p>\u00bfUsted no logra ser saludable? \u00bfUsted ha sido internado en hospital? \u00bfUsted sufre con depresi\u00f3n, nerviosismo, insomnio, migra\u00f1as, desmayos, es dominado por el miedo, no logra ser saludable, sufre con una enfermedad cuyo diagn\u00f3stico no es identificado? No falte este domingo, donde ser\u00e1 realizada una oraci\u00f3n de fe para el libramiento de todo mal en su vida. Acomp\u00e1\u00f1enos este viernes en el <em>703 S Broadway, en la esquina de la calle 7 en Los \u00c1ngeles, California<\/em>, o en el 625 S Bonnie Brae, Los \u00c1ngeles, CA y en la Universal m\u00e1s cercana a usted.<\/p>\n<p style=\"text-align: center;\"><strong><span style=\"color: #0000ff;\"><a style=\"color: #0000ff;\" href=\"https:\/\/universalchurchusa.org\/es\/noticias\/post\/cuando-inicio-su-nueva-vida-sus-adicciones-se-profundizaron-con-estupefacientes-mas-fuertes\/\">Lea tambi\u00e9n: Cuando inici\u00f3 su nueva vida, sus adicciones se profundizaron con estupefacientes m\u00e1s fuertes.<\/a><\/span><\/strong><\/p>\n<p style=\"text-align: center;\"><strong><span style=\"color: #0000ff;\"><a style=\"color: #0000ff;\" href=\"https:\/\/www.instagram.com\/iglesiauniversalusa\/?r=nametag\">S\u00edganos en Instagram:\u00a0<span style=\"color: #ff6600;\">@iglesiauniversalusa<\/span><\/a><\/span><\/strong><\/p>\n","protected":false},"excerpt":{"rendered":"<p>Adriana Pereda de ni\u00f1a sol\u00eda escuchar voces que la atormentaban, seguida de alusiones que no la dejaban pegar un ojo por las noches, estos tormentos espirituales la hab\u00edan transformado en una ni\u00f1a insegura. Sufr\u00eda, adem\u00e1s, de dolores insoportables en su cuerpo, vi\u00e9ndose incapacitada a confrontar dichas dolencias debido a que recib\u00eda siempre diferentes diagn\u00f3sticos de [&hellip;]<\/p>\n","protected":false},"author":269,"featured_media":377280,"comment_status":"open","ping_status":"open","sticky":false,"template":"","format":"standard","meta":{"footnotes":""},"categories":[1],"tags":[18960,5383,5758],"site":[18871],"class_list":["post-377279","post","type-post","status-publish","format-standard","has-post-thumbnail","hentry","category-sin-categoria","tag-bendicion","tag-depresion","tag-dios","site-noticias-de-la-iglesia"],"amp_enabled":true,"_links":{"self":[{"href":"https:\/\/universalchurchusa.org\/es\/wp-json\/wp\/v2\/posts\/377279","targetHints":{"allow":["GET"]}}],"collection":[{"href":"https:\/\/universalchurchusa.org\/es\/wp-json\/wp\/v2\/posts"}],"about":[{"href":"https:\/\/universalchurchusa.org\/es\/wp-json\/wp\/v2\/types\/post"}],"author":[{"embeddable":true,"href":"https:\/\/universalchurchusa.org\/es\/wp-json\/wp\/v2\/users\/269"}],"replies":[{"embeddable":true,"href":"https:\/\/universalchurchusa.org\/es\/wp-json\/wp\/v2\/comments?post=377279"}],"version-history":[{"count":1,"href":"https:\/\/universalchurchusa.org\/es\/wp-json\/wp\/v2\/posts\/377279\/revisions"}],"predecessor-version":[{"id":377281,"href":"https:\/\/universalchurchusa.org\/es\/wp-json\/wp\/v2\/posts\/377279\/revisions\/377281"}],"wp:featuredmedia":[{"embeddable":true,"href":"https:\/\/universalchurchusa.org\/es\/wp-json\/wp\/v2\/media\/377280"}],"wp:attachment":[{"href":"https:\/\/universalchurchusa.org\/es\/wp-json\/wp\/v2\/media?parent=377279"}],"wp:term":[{"taxonomy":"category","embeddable":true,"href":"https:\/\/universalchurchusa.org\/es\/wp-json\/wp\/v2\/categories?post=377279"},{"taxonomy":"post_tag","embeddable":true,"href":"https:\/\/universalchurchusa.org\/es\/wp-json\/wp\/v2\/tags?post=377279"},{"taxonomy":"site","embeddable":true,"href":"https:\/\/universalchurchusa.org\/es\/wp-json\/wp\/v2\/site?post=377279"}],"curies":[{"name":"wp","href":"https:\/\/api.w.org\/{rel}","templated":true}]}}