{"id":376631,"date":"2022-08-30T09:55:28","date_gmt":"2022-08-30T16:55:28","guid":{"rendered":"https:\/\/universalchurchusa.org\/es\/?p=376631"},"modified":"2022-08-31T10:03:20","modified_gmt":"2022-08-31T17:03:20","slug":"el-ayuno-determinado-por-dios","status":"publish","type":"post","link":"http:\/\/universalchurchusa.org\/es\/noticias\/post\/el-ayuno-determinado-por-dios\/","title":{"rendered":"El Ayuno determinado por Dios"},"content":{"rendered":"<p>Este domingo 28 de agosto iniciaremos el pr\u00f3ximo ayuno de Daniel. Durante El Ayuno determinado por Dios nos desconectaremos del mundo durante 21 d\u00edas; de las noticias, de la m\u00fasica, de las pel\u00edculas y de cualquier otra forma de entretenimiento que pueda desviar nuestros pensamientos de Dios. Para ello, nos centraremos exclusivamente en nuestra fe, con la Palabra Dios.<\/p>\n<p>El Ayuno de Daniel est\u00e1 basado en vers\u00edculos de la Biblia encontrados en Daniel 10:2-3 <em>\u201cEn aquellos d\u00edas, yo Daniel estuve afligido por tres semanas. No com\u00ed manjar delicado; ni entr\u00f3 en mi boca carne ni vino, ni me ung\u00ed con ung\u00fcento, hasta que se cumplieron las tres semanas\u201d. <\/em>Estas tres semanas se refieren a la observancia de la Pascua y la Fiesta de los Panes sin Levadura, las cuales tienen lugar en el primer mes del a\u00f1o (\u00c9xodo 12:1-20). Aunque el Ayuno de Daniel limpia el cuerpo al omitir ciertos alimentos, la intenci\u00f3n real y m\u00e1s profunda es la conexi\u00f3n espiritual.<\/p>\n<p>El prop\u00f3sito del ayuno es buscar, a trav\u00e9s de la fe y del Esp\u00edritu Santo, una relaci\u00f3n m\u00e1s \u00edntima con Dios. Al tiempo que libera al cuerpo de alimentos y bebidas auto-gratificantes tambi\u00e9n libera la mente del entretenimiento que desv\u00edan nuestros pensamientos de \u00c9l. El Ayuno de Daniel pretende que su enfoque no est\u00e9 en las cosas carnales del mundo sino enteramente en Dios.<\/p>\n<p>Durante El Ayuno determinado por Dios usted querr\u00e1 concentrarse en la oraci\u00f3n, el estudio de la Biblia, y en la reflexi\u00f3n. Una excelente manera de comenzar la preparaci\u00f3n para crecer en el Se\u00f1or. El ayuno es una poderosa disciplina espiritual, al asociar el ayuno f\u00edsico y mental con la oraci\u00f3n uno puede abrirse al Esp\u00edritu Santo de Dios.<\/p>\n<p>El ayuno es un asunto de libertad cristiana, al mismo tiempo, la Biblia presenta el ayuno como algo bueno, provechoso, y beneficioso. El libro de los Hechos registra a creyentes ayunando antes de tomar decisiones importantes (Hechos 13:2; 14:23). El ayuno y la oraci\u00f3n a menudo est\u00e1n entrelazados (Lucas 2:37; 5:33).<\/p>\n<p><em>&#8220;Por eso pues, ahora, dice el Se\u00f1or, convert\u00edos a m\u00ed con todo vuestro coraz\u00f3n, con ayuno y lloro y lamento&#8221;<\/em>\u00a0(Joel 2:12)<\/p>\n<p>El bautismo con el Esp\u00edritu Santo tiene un objetivo singular; habilitar a los disc\u00edpulos para ser testigos vivos del Se\u00f1or Jesucristo en la Tierra. Como Juan Bautista fue enviado por Dios para testificar al respecto de Jes\u00fas (Juan 1:7), lo mismo sucede en relaci\u00f3n al sellado con el Esp\u00edritu Santo. S\u00f3lo los bautizados con el Esp\u00edritu Santo son escogidos por Dios para ser testigos de la resurrecci\u00f3n de Su Hijo Jes\u00fas.<\/p>\n<p>\u00bfC\u00f3mo ser testigo de Alguien que naci\u00f3, vivi\u00f3, muri\u00f3, resucit\u00f3 y ascendi\u00f3 a los cielos 2 mil a\u00f1os atr\u00e1s? No estaba all\u00ed cuando sucedi\u00f3; mis ojos no vieron a Jes\u00fas; mis manos no lo tocaron. \u00bfC\u00f3mo puedo probarles a otros que Jes\u00fas est\u00e1 vivo? S\u00f3lo hay un modo: \u00a1Ser pose\u00eddo por el mismo Esp\u00edritu que Lo resucit\u00f3! La fe es certeza, es convicci\u00f3n personal. Quien tiene fe obedece a la Palabra de Dios y aguarda. No se lamenta, no se queja y, sobre todo, no se expone a ninguna preocupaci\u00f3n para con los dem\u00e1s.<\/p>\n<p>El asombroso poder de Dios es transformador y usted conocer\u00e1 que con Dios, todas las cosas son posibles.<\/p>\n<p>&nbsp;<\/p>\n<p>Para m\u00e1s informaci\u00f3n dir\u00edjase a la iglesia Universal m\u00e1s cercana a usted. La Iglesia Universal celebra sus eventos cada semana, vis\u00edtenos en el <em>703 S Broadway o en el 625 S Bonnie Brae en Los \u00c1ngeles, California,<\/em> o en la Universal m\u00e1s cercana.<\/p>\n<p>Ubique la Universal m\u00e1s cercana a usted:<strong>\u00a0<\/strong><a href=\"https:\/\/universalchurchusa.org\/es\/direcciones\/\"><strong>Direcciones<\/strong><\/a><\/p>\n<p>Si usted tiene preguntas o le gustar\u00eda una orientaci\u00f3n:\u00a0<a href=\"https:\/\/universalchurchusa.org\/es\/contactenos\/\"><strong>Cont\u00e1ctenos<\/strong><\/a><\/p>\n<p>Si desea a\u00f1adir su nombre y el de su familia en el libro de oraci\u00f3n:\u00a0<a href=\"https:\/\/universalchurchusa.org\/es\/contactenos\/\"><strong>Libro de Oraci\u00f3n<\/strong><\/a><\/p>\n<p>Regrese a la p\u00e1gina principal:\u00a0<a href=\"https:\/\/universalchurchusa.org\/es\/\"><strong>P\u00e1gina Principal<\/strong><\/a><\/p>\n<p>&nbsp;<\/p>\n","protected":false},"excerpt":{"rendered":"<p>Este domingo 28 de agosto iniciaremos el pr\u00f3ximo ayuno de Daniel. Durante El Ayuno determinado por Dios nos desconectaremos del mundo durante 21 d\u00edas; de las noticias, de la m\u00fasica, de las pel\u00edculas y de cualquier otra forma de entretenimiento que pueda desviar nuestros pensamientos de Dios. Para ello, nos centraremos exclusivamente en nuestra fe, [&hellip;]<\/p>\n","protected":false},"author":250,"featured_media":376657,"comment_status":"open","ping_status":"open","sticky":false,"template":"","format":"standard","meta":{"footnotes":""},"categories":[1],"tags":[13133,13372],"site":[18871],"class_list":["post-376631","post","type-post","status-publish","format-standard","has-post-thumbnail","hentry","category-sin-categoria","tag-oracion","tag-palabra-de-dios","site-noticias-de-la-iglesia"],"amp_enabled":true,"_links":{"self":[{"href":"https:\/\/universalchurchusa.org\/es\/wp-json\/wp\/v2\/posts\/376631","targetHints":{"allow":["GET"]}}],"collection":[{"href":"https:\/\/universalchurchusa.org\/es\/wp-json\/wp\/v2\/posts"}],"about":[{"href":"https:\/\/universalchurchusa.org\/es\/wp-json\/wp\/v2\/types\/post"}],"author":[{"embeddable":true,"href":"https:\/\/universalchurchusa.org\/es\/wp-json\/wp\/v2\/users\/250"}],"replies":[{"embeddable":true,"href":"https:\/\/universalchurchusa.org\/es\/wp-json\/wp\/v2\/comments?post=376631"}],"version-history":[{"count":10,"href":"https:\/\/universalchurchusa.org\/es\/wp-json\/wp\/v2\/posts\/376631\/revisions"}],"predecessor-version":[{"id":376656,"href":"https:\/\/universalchurchusa.org\/es\/wp-json\/wp\/v2\/posts\/376631\/revisions\/376656"}],"wp:featuredmedia":[{"embeddable":true,"href":"https:\/\/universalchurchusa.org\/es\/wp-json\/wp\/v2\/media\/376657"}],"wp:attachment":[{"href":"https:\/\/universalchurchusa.org\/es\/wp-json\/wp\/v2\/media?parent=376631"}],"wp:term":[{"taxonomy":"category","embeddable":true,"href":"https:\/\/universalchurchusa.org\/es\/wp-json\/wp\/v2\/categories?post=376631"},{"taxonomy":"post_tag","embeddable":true,"href":"https:\/\/universalchurchusa.org\/es\/wp-json\/wp\/v2\/tags?post=376631"},{"taxonomy":"site","embeddable":true,"href":"https:\/\/universalchurchusa.org\/es\/wp-json\/wp\/v2\/site?post=376631"}],"curies":[{"name":"wp","href":"https:\/\/api.w.org\/{rel}","templated":true}]}}