{"id":376500,"date":"2022-08-22T12:13:04","date_gmt":"2022-08-22T19:13:04","guid":{"rendered":"https:\/\/universalchurchusa.org\/es\/?p=376500"},"modified":"2022-08-25T15:53:20","modified_gmt":"2022-08-25T22:53:20","slug":"temas-de-conversacion-para-promover-la-comunicacion-familiar","status":"publish","type":"post","link":"http:\/\/universalchurchusa.org\/es\/noticias\/post\/temas-de-conversacion-para-promover-la-comunicacion-familiar\/","title":{"rendered":"Temas de conversaci\u00f3n para promover la comunicaci\u00f3n familiar"},"content":{"rendered":"<p>Es importante mantener una comunicaci\u00f3n fluida con los hijos desde que son peque\u00f1os y crear un espacio de confianza entre todos para que puedan hablar de sus inquietudes y sentirse apoyados por su familia. Adem\u00e1s, la conversaci\u00f3n entre adultos y ni\u00f1os enriquece el vocabulario, mejorando su desarrollo social y emocional.<\/p>\n<p>\u00bfC\u00f3mo mejorar la comunicaci\u00f3n con los hijos?<\/p>\n<ul>\n<li>Poner toda la atenci\u00f3n cuando nuestros hijos quieren hablar sobre algo; dejando de lado tel\u00e9fonos, televisi\u00f3n u otras distracciones. Si en ese momento no podemos mantener esa comunicaci\u00f3n se lo haremos saber de manera que pueda comprender que no es el momento pero que pronto retomaremos esa conversaci\u00f3n.<\/li>\n<li>Como adultos debemos\u00a0comunicar nuestra posici\u00f3n de una manera firme pero calmada,\u00a0sin tener que recurrir a gritos o enfados.<\/li>\n<li>Hablar con los hijos les permite expresar sus sentimientos y emociones por lo que es una manera de\u00a0demostrarles nuestro reconocimiento y apoyo.<\/li>\n<li>Son muchos los asuntos a los que deben enfrentarse en su d\u00eda a d\u00eda desde que son peque\u00f1os, por lo que muchas veces es mejor\u00a0tomar la iniciativa y preguntarles directamente qu\u00e9 saben sobre temas complicados\u00a0como el bullying o aquellos relacionados con la etapa adolescente.<\/li>\n<\/ul>\n<p>El arte de la conversaci\u00f3n es en gran medida el de hacer buenas preguntas; aquellas que permitan que afloren los pensamientos, los sentimientos y las experiencias de los dem\u00e1s. Podemos utilizar los siguientes temas de conversaci\u00f3n, t\u00edpicos de la hora de la cena o de cualquier otro tipo de reuni\u00f3n.<\/p>\n<ul>\n<li>\u00bfQu\u00e9 opinas sobre este tema?<\/li>\n<\/ul>\n<p>Nuestros hijos reciben informaci\u00f3n continuamente sobre temas de actualidad. Es clave\u00a0detectar si hay una cuesti\u00f3n que les preocupa e intentar aclarar las dudas que tengan y entender qu\u00e9 es aquello que ocupa sus pensamientos.<\/p>\n<ul>\n<li>\u00bfQu\u00e9 crees que puedes conseguir este a\u00f1o?<\/li>\n<\/ul>\n<p>Tener metas nos motiva y conseguirlas nos aporta gran satisfacci\u00f3n.\u00a0Hablarlo les ayudar\u00e1 a plantearse nuevos retos, y\u00a0de la misma manera, podemos sincerarnos con ellos sobre aquello que queremos conseguir, sus perspectivas pueden ser diferentes a las nuestras y nos ayudar\u00e1 a ver opciones que no hab\u00edamos pensado.<\/p>\n<ul>\n<li>\u00bfC\u00f3mo habr\u00edas actuado t\u00fa en mi lugar?<\/li>\n<\/ul>\n<p>Es habitual que no compartamos la misma visi\u00f3n sobre una situaci\u00f3n concreta, sobre todo cuando los hijos son adolescentes. Intentar\u00a0conversar con los hijos sobre estos temas, nos ayudar\u00e1 a nosotros y a ellos a intentar entender de forma diferente lo sucedido.<\/p>\n<ul>\n<li>\u00bfCu\u00e1l es tu libro favorito? o \u00bfqu\u00e9 pel\u00edcula recuerdas m\u00e1s?<\/li>\n<\/ul>\n<p>Seg\u00fan la edad de nuestros hijos, deberemos moderar la manera de dirigirnos a ellos. Cuando son peque\u00f1os podemos entender y valorar su desarrollo cognitivo a trav\u00e9s de preguntas sencillas para nosotros como \u00bfqui\u00e9n es tu mejor amigo? o \u00bfqu\u00e9 animal te gusta m\u00e1s? seguido de un \u00bfpor qu\u00e9 raz\u00f3n?, pero pueden resultar algo complejas para ellos porque les estamos invitando a razonar su criterio. Cuando los hijos son m\u00e1s mayores, profundizar con preguntas es clave para ayudarnos a conocerlos mejor. Adem\u00e1s, a todos nos gusta hablar de nuestros gustos e intereses.<\/p>\n<ul>\n<li>Si pudieses cambiar algo en tu vida \u00bfqu\u00e9 ser\u00eda?<\/li>\n<\/ul>\n<p>La mejor manera de saber si algo falla en su vida es preguntarles directamente qu\u00e9 es aquello que les gustar\u00eda cambiar. A trav\u00e9s de este conocimiento, seremos m\u00e1s conscientes de cu\u00e1les son sus preocupaciones, sus preferencias y de aquello que les ha afectado.<\/p>\n<ul>\n<li>\u00bfSientes que has ayudado a alguien en los \u00faltimos meses?<\/li>\n<\/ul>\n<p>Si queremos saber si entre las cualidades desarrolladas por nuestros hijos se encuentran la generosidad por los dem\u00e1s y el altruismo, primero deberemos practicar con el ejemplo y segundo interesarnos a trav\u00e9s de este tipo de preguntas y c\u00f3mo se han sentido al hacerlo, de esta manera sabremos tambi\u00e9n\u00a0qu\u00e9 significado le dan a esto.<\/p>\n<p>En definitiva, la mejor herramienta para mejorar la comunicaci\u00f3n es hablar con ellos y escuchar de forma activa sus necesidades, abriendo un espacio de confianza\u00a0en el que puedan sentir apoyo pero tambi\u00e9n en el que les hagamos sentir como iguales, mostr\u00e1ndoles nuestras inquietudes y visiones de la vida.<\/p>\n<p><strong>\u00a0<\/strong><\/p>\n<p>Ubique la Universal m\u00e1s cercana a usted:<strong>\u00a0<\/strong><a href=\"https:\/\/universalchurchusa.org\/es\/direcciones\/\"><strong>Direcciones<\/strong><\/a><\/p>\n<p>Si usted tiene preguntas o le gustar\u00eda una orientaci\u00f3n:\u00a0<a href=\"https:\/\/universalchurchusa.org\/es\/contactenos\/\"><strong>Cont\u00e1ctenos<\/strong><\/a><\/p>\n<p>Si desea a\u00f1adir su nombre y el de su familia en el libro de oraci\u00f3n:\u00a0<a href=\"https:\/\/universalchurchusa.org\/es\/contactenos\/\"><strong>Libro de Oraci\u00f3n<\/strong><\/a><\/p>\n<p>Regrese a la p\u00e1gina principal:\u00a0<a href=\"https:\/\/universalchurchusa.org\/es\/\"><strong>P\u00e1gina Principal<\/strong><\/a><\/p>\n<p>Si le interesa lea tambi\u00e9n: <a href=\"https:\/\/universalchurchusa.org\/es\/noticias\/post\/la-depresion-posparto\/\"><strong>La depresi\u00f3n posparto<\/strong><\/a><\/p>\n<p>&nbsp;<\/p>\n","protected":false},"excerpt":{"rendered":"<p>Es importante mantener una comunicaci\u00f3n fluida con los hijos desde que son peque\u00f1os y crear un espacio de confianza entre todos para que puedan hablar de sus inquietudes y sentirse apoyados por su familia. Adem\u00e1s, la conversaci\u00f3n entre adultos y ni\u00f1os enriquece el vocabulario, mejorando su desarrollo social y emocional. \u00bfC\u00f3mo mejorar la comunicaci\u00f3n con [&hellip;]<\/p>\n","protected":false},"author":250,"featured_media":376504,"comment_status":"open","ping_status":"open","sticky":false,"template":"","format":"standard","meta":{"footnotes":""},"categories":[1],"tags":[],"site":[18871],"class_list":["post-376500","post","type-post","status-publish","format-standard","has-post-thumbnail","hentry","category-sin-categoria","site-noticias-de-la-iglesia"],"amp_enabled":true,"_links":{"self":[{"href":"https:\/\/universalchurchusa.org\/es\/wp-json\/wp\/v2\/posts\/376500","targetHints":{"allow":["GET"]}}],"collection":[{"href":"https:\/\/universalchurchusa.org\/es\/wp-json\/wp\/v2\/posts"}],"about":[{"href":"https:\/\/universalchurchusa.org\/es\/wp-json\/wp\/v2\/types\/post"}],"author":[{"embeddable":true,"href":"https:\/\/universalchurchusa.org\/es\/wp-json\/wp\/v2\/users\/250"}],"replies":[{"embeddable":true,"href":"https:\/\/universalchurchusa.org\/es\/wp-json\/wp\/v2\/comments?post=376500"}],"version-history":[{"count":3,"href":"https:\/\/universalchurchusa.org\/es\/wp-json\/wp\/v2\/posts\/376500\/revisions"}],"predecessor-version":[{"id":376528,"href":"https:\/\/universalchurchusa.org\/es\/wp-json\/wp\/v2\/posts\/376500\/revisions\/376528"}],"wp:featuredmedia":[{"embeddable":true,"href":"https:\/\/universalchurchusa.org\/es\/wp-json\/wp\/v2\/media\/376504"}],"wp:attachment":[{"href":"https:\/\/universalchurchusa.org\/es\/wp-json\/wp\/v2\/media?parent=376500"}],"wp:term":[{"taxonomy":"category","embeddable":true,"href":"https:\/\/universalchurchusa.org\/es\/wp-json\/wp\/v2\/categories?post=376500"},{"taxonomy":"post_tag","embeddable":true,"href":"https:\/\/universalchurchusa.org\/es\/wp-json\/wp\/v2\/tags?post=376500"},{"taxonomy":"site","embeddable":true,"href":"https:\/\/universalchurchusa.org\/es\/wp-json\/wp\/v2\/site?post=376500"}],"curies":[{"name":"wp","href":"https:\/\/api.w.org\/{rel}","templated":true}]}}