{"id":375921,"date":"2022-07-15T08:42:30","date_gmt":"2022-07-15T15:42:30","guid":{"rendered":"https:\/\/universalchurchusa.org\/es\/?p=375921"},"modified":"2022-07-15T08:44:45","modified_gmt":"2022-07-15T15:44:45","slug":"la-depresion-era-causada-debido-a-sus-condiciones-de-salud","status":"publish","type":"post","link":"http:\/\/universalchurchusa.org\/es\/noticias\/post\/la-depresion-era-causada-debido-a-sus-condiciones-de-salud\/","title":{"rendered":"La depresi\u00f3n era causada debido a sus condiciones de salud"},"content":{"rendered":"<p>Ana Tafoya en la actualidad disfruta de los frutos del cambio que Dios le da cada d\u00eda de su vida, pero recuerda con amargura que su vida no siempre fue de esa manera. Su pasado estuvo marcado por el comp\u00e1s de la depresi\u00f3n la cual era causada debido a sus condiciones de salud, puesto que sufr\u00eda terribles ataques de epilepsias que consum\u00edan su vida.<\/p>\n<p>La condici\u00f3n que padec\u00eda, sus ataques y estar bajo medicamentos para controlarlos eran sin duda motivos para que Ana Tafoya fuera una persona acomplejada que se sent\u00eda mal consigo mismo, en el fondo sent\u00eda que era un ser inhumano incompleto e incapaz.<\/p>\n<p>A medida que fue aumentando su depresi\u00f3n Ana Tafoya cay\u00f3 en el vicio del cigarro y agrav\u00f3 a\u00fan m\u00e1s su depresi\u00f3n, sent\u00eda que la gente se burlaba de ella debido a su enfermedad as\u00ed que cre\u00eda que fumando podr\u00eda calmar su ansiedad.<\/p>\n<p>En uno de los momentos m\u00e1s dif\u00edciles como madre, una de sus hijas mayores habr\u00eda tenido problemas con su estad\u00eda en los Estados Unidos, por lo que tuvo que quedarse sola y desamparada, sin contar con la ayuda de nadie.<\/p>\n<p>Hace poco tiempo atr\u00e1s Ana se encontraba viendo la televisi\u00f3n cuando escuch\u00f3 hablar por primera vez de la Iglesia Universal as\u00ed que decidi\u00f3 darse esa oportunidad y llam\u00f3 al n\u00famero de tel\u00e9fono que vio en pantalla para recibir informaci\u00f3n de donde encontrar cerca de ella una sede de la iglesia.<\/p>\n<p>De esta manera logr\u00f3 asistir a la casa de Dios donde pudo encontrarse y conocer mejor al Esp\u00edritu Santo y con su fe construir un hogar junto a sus hijas lleno de uni\u00f3n, paz y armon\u00eda.<\/p>\n<p>Testimonio Ana Tafoya.<\/p>\n<p><iframe loading=\"lazy\" title=\"Siempre me sent\u00eda inferior a los dem\u00e1s - ANA TAFOYA\" width=\"500\" height=\"281\" src=\"https:\/\/www.youtube.com\/embed\/SCBBAJoGDxo?feature=oembed\" frameborder=\"0\" allow=\"accelerometer; autoplay; clipboard-write; encrypted-media; gyroscope; picture-in-picture; web-share\" referrerpolicy=\"strict-origin-when-cross-origin\" allowfullscreen><\/iframe><\/p>\n<p>\u00bfUsted no logra ser saludable? \u00bfUsted ha sido internado en hospital? \u00bfUsted sufre con depresi\u00f3n, nerviosismo, insomnio, migra\u00f1as, desmayos, es dominado por el miedo, no logra ser saludable, sufre con una enfermedad cuyo diagn\u00f3stico no es identificado? No falte este martes, donde ser\u00e1 realizada una oraci\u00f3n de fe para el libramiento de todo mal en su vida. Acomp\u00e1\u00f1enos este viernes en el <em>703 S Broadway, en la esquina de la calle 7 en Los \u00c1ngeles, California<\/em>, o en el 625 S Bonnie Brae, Los \u00c1ngeles, CA y en la Universal m\u00e1s cercana a usted.<\/p>\n<p style=\"text-align: center;\"><span style=\"color: #ff0000;\"><strong><a style=\"color: #ff0000;\" href=\"https:\/\/universalchurchusa.org\/es\/noticias\/post\/a-pesar-de-ser-una-profesional-su-economia-estaba-estancada\/\">Lea tambi\u00e9n: A pesar de ser una profesional, su econom\u00eda estaba estancada.<\/a><\/strong><\/span><\/p>\n<p style=\"text-align: center;\"><span style=\"color: #ff0000;\"><strong><a style=\"color: #ff0000;\" href=\"https:\/\/www.instagram.com\/iglesiauniversalusa\/?r=nametag\">S\u00edganos en Instagram:\u00a0<span style=\"color: #ff6600;\">@iglesiauniversalusa<\/span><\/a><\/strong><\/span><\/p>\n","protected":false},"excerpt":{"rendered":"<p>Ana Tafoya en la actualidad disfruta de los frutos del cambio que Dios le da cada d\u00eda de su vida, pero recuerda con amargura que su vida no siempre fue de esa manera. Su pasado estuvo marcado por el comp\u00e1s de la depresi\u00f3n la cual era causada debido a sus condiciones de salud, puesto que [&hellip;]<\/p>\n","protected":false},"author":269,"featured_media":375927,"comment_status":"open","ping_status":"open","sticky":false,"template":"","format":"standard","meta":{"footnotes":""},"categories":[1],"tags":[18960,5758,7736,17546],"site":[18871],"class_list":["post-375921","post","type-post","status-publish","format-standard","has-post-thumbnail","hentry","category-sin-categoria","tag-bendicion","tag-dios","tag-fe","tag-transformacion-de-vida","site-noticias-de-la-iglesia"],"amp_enabled":true,"_links":{"self":[{"href":"https:\/\/universalchurchusa.org\/es\/wp-json\/wp\/v2\/posts\/375921","targetHints":{"allow":["GET"]}}],"collection":[{"href":"https:\/\/universalchurchusa.org\/es\/wp-json\/wp\/v2\/posts"}],"about":[{"href":"https:\/\/universalchurchusa.org\/es\/wp-json\/wp\/v2\/types\/post"}],"author":[{"embeddable":true,"href":"https:\/\/universalchurchusa.org\/es\/wp-json\/wp\/v2\/users\/269"}],"replies":[{"embeddable":true,"href":"https:\/\/universalchurchusa.org\/es\/wp-json\/wp\/v2\/comments?post=375921"}],"version-history":[{"count":2,"href":"https:\/\/universalchurchusa.org\/es\/wp-json\/wp\/v2\/posts\/375921\/revisions"}],"predecessor-version":[{"id":375926,"href":"https:\/\/universalchurchusa.org\/es\/wp-json\/wp\/v2\/posts\/375921\/revisions\/375926"}],"wp:featuredmedia":[{"embeddable":true,"href":"https:\/\/universalchurchusa.org\/es\/wp-json\/wp\/v2\/media\/375927"}],"wp:attachment":[{"href":"https:\/\/universalchurchusa.org\/es\/wp-json\/wp\/v2\/media?parent=375921"}],"wp:term":[{"taxonomy":"category","embeddable":true,"href":"https:\/\/universalchurchusa.org\/es\/wp-json\/wp\/v2\/categories?post=375921"},{"taxonomy":"post_tag","embeddable":true,"href":"https:\/\/universalchurchusa.org\/es\/wp-json\/wp\/v2\/tags?post=375921"},{"taxonomy":"site","embeddable":true,"href":"https:\/\/universalchurchusa.org\/es\/wp-json\/wp\/v2\/site?post=375921"}],"curies":[{"name":"wp","href":"https:\/\/api.w.org\/{rel}","templated":true}]}}