{"id":375750,"date":"2022-07-07T08:22:27","date_gmt":"2022-07-07T15:22:27","guid":{"rendered":"https:\/\/universalchurchusa.org\/es\/?p=375750"},"modified":"2022-07-07T08:22:27","modified_gmt":"2022-07-07T15:22:27","slug":"era-una-persona-que-poseia-un-caracter-muy-fuerte","status":"publish","type":"post","link":"http:\/\/universalchurchusa.org\/es\/noticias\/post\/era-una-persona-que-poseia-un-caracter-muy-fuerte\/","title":{"rendered":"Era una persona que pose\u00eda un car\u00e1cter muy fuerte"},"content":{"rendered":"<p>Fabiola Cort\u00e9s era una persona que pose\u00eda un car\u00e1cter muy fuerte, esta postura le tra\u00eda interminables peleas y conflictos con su madre, quien lejos de actuar como la persona que la trajo al mundo se daban un trato m\u00e1s como de enemigas. La violencia en la que estaba envuelta su relaci\u00f3n no les permit\u00eda tratarse como amigas o m\u00e1s triste a\u00fan como madre e hija.<\/p>\n<p>El explosivo trato que ten\u00eda Fabiola Cort\u00e9s con su madre romp\u00eda los l\u00edmites de las punzantes palabras y pod\u00edan incluso llegarse a agredir f\u00edsicamente la una a la otra, era como si ella no pod\u00eda resistir estar bajo las mismas cuatro paredes con su propia madre.<\/p>\n<p>Un d\u00eda tras uno de sus explosivos encuentros llenos de violencia que Fabiola Cort\u00e9s sol\u00eda tener con su madre, los l\u00edmites se rebasaron cuando por un empuj\u00f3n su madre tuvo una tr\u00e1gica ca\u00edda que casi termina en una tragedia, por lo que reaccion\u00f3 y se dio cuenta que, de seguir por ese camino, todo podr\u00eda terminar muy mal.<\/p>\n<p>Hasta que un d\u00eda Fabiola Cort\u00e9s cruz\u00f3 las puertas de la Iglesia Universal y ah\u00ed, gracias a sus oraciones y a su fe pudo recibir el Esp\u00edritu Santo, quien le brindar\u00eda la gu\u00eda necesaria para, tal si fuera una hiedra venenosa, arrancar toda esa amargura y mal car\u00e1cter que viv\u00eda dentro de ella, y de una vez por todas poder encontrarse en paz y armon\u00eda con su madre y as\u00ed juntas reconstruir su relaci\u00f3n, no solo como madre e hija, sino como amigas.<\/p>\n<p>Testimonio Fabiola Cort\u00e9s.<\/p>\n<p><iframe loading=\"lazy\" title=\"La relaci\u00f3n que ten\u00eda con su mam\u00e1 era tan mala que llegaron a la violencia - FABIOLA CORTEZ\" width=\"500\" height=\"281\" src=\"https:\/\/www.youtube.com\/embed\/S2QspQivF4k?feature=oembed\" frameborder=\"0\" allow=\"accelerometer; autoplay; clipboard-write; encrypted-media; gyroscope; picture-in-picture; web-share\" referrerpolicy=\"strict-origin-when-cross-origin\" allowfullscreen><\/iframe><\/p>\n<p>Acompa\u00f1os este pr\u00f3ximo mi\u00e9rcoles donde usted recibir\u00e1 una Palabra de fe que lo fortalecer\u00e1 espiritualmente. Incluso, se estar\u00e1 realizando una b\u00fasqueda al Esp\u00edritu Santo para que entr\u00e9 en su vida. No se pierda esta gran oportunidad y venga a participar en el <em>703 S Broadway, esquina con la calle 7 en Los \u00c1ngeles, California<\/em>, o en el 625 S Bonnie Brae, Los \u00c1ngeles, CA y en la Universal m\u00e1s cercana a usted.<\/p>\n<p style=\"text-align: center;\"><span style=\"font-size: 18pt; color: #ff0000;\"><strong><a style=\"color: #ff0000;\" href=\"https:\/\/universalchurchusa.org\/es\/noticias\/post\/cuando-era-tan-solo-un-nino-tuvo-que-sufrir-la-perdida-de-su-padre\/\">Lea tambi\u00e9n: Cuando era tan solo un ni\u00f1o tuvo que sufrir la p\u00e9rdida de su padre.<\/a><\/strong><\/span><\/p>\n<p style=\"text-align: center;\"><span style=\"font-size: 18pt; color: #ff0000;\"><strong><a style=\"color: #ff0000;\" href=\"https:\/\/www.instagram.com\/iglesiauniversalusa\/?r=nametag\">S\u00edganos en Instagram:\u00a0<span style=\"color: #ff6600;\">@iglesiauniversalusa<\/span><\/a><\/strong><\/span><\/p>\n","protected":false},"excerpt":{"rendered":"<p>Fabiola Cort\u00e9s era una persona que pose\u00eda un car\u00e1cter muy fuerte, esta postura le tra\u00eda interminables peleas y conflictos con su madre, quien lejos de actuar como la persona que la trajo al mundo se daban un trato m\u00e1s como de enemigas. La violencia en la que estaba envuelta su relaci\u00f3n no les permit\u00eda tratarse [&hellip;]<\/p>\n","protected":false},"author":269,"featured_media":375751,"comment_status":"open","ping_status":"open","sticky":false,"template":"","format":"standard","meta":{"footnotes":""},"categories":[1],"tags":[18960,5758,7736,17546],"site":[18871],"class_list":["post-375750","post","type-post","status-publish","format-standard","has-post-thumbnail","hentry","category-sin-categoria","tag-bendicion","tag-dios","tag-fe","tag-transformacion-de-vida","site-noticias-de-la-iglesia"],"amp_enabled":true,"_links":{"self":[{"href":"https:\/\/universalchurchusa.org\/es\/wp-json\/wp\/v2\/posts\/375750","targetHints":{"allow":["GET"]}}],"collection":[{"href":"https:\/\/universalchurchusa.org\/es\/wp-json\/wp\/v2\/posts"}],"about":[{"href":"https:\/\/universalchurchusa.org\/es\/wp-json\/wp\/v2\/types\/post"}],"author":[{"embeddable":true,"href":"https:\/\/universalchurchusa.org\/es\/wp-json\/wp\/v2\/users\/269"}],"replies":[{"embeddable":true,"href":"https:\/\/universalchurchusa.org\/es\/wp-json\/wp\/v2\/comments?post=375750"}],"version-history":[{"count":1,"href":"https:\/\/universalchurchusa.org\/es\/wp-json\/wp\/v2\/posts\/375750\/revisions"}],"predecessor-version":[{"id":375752,"href":"https:\/\/universalchurchusa.org\/es\/wp-json\/wp\/v2\/posts\/375750\/revisions\/375752"}],"wp:featuredmedia":[{"embeddable":true,"href":"https:\/\/universalchurchusa.org\/es\/wp-json\/wp\/v2\/media\/375751"}],"wp:attachment":[{"href":"https:\/\/universalchurchusa.org\/es\/wp-json\/wp\/v2\/media?parent=375750"}],"wp:term":[{"taxonomy":"category","embeddable":true,"href":"https:\/\/universalchurchusa.org\/es\/wp-json\/wp\/v2\/categories?post=375750"},{"taxonomy":"post_tag","embeddable":true,"href":"https:\/\/universalchurchusa.org\/es\/wp-json\/wp\/v2\/tags?post=375750"},{"taxonomy":"site","embeddable":true,"href":"https:\/\/universalchurchusa.org\/es\/wp-json\/wp\/v2\/site?post=375750"}],"curies":[{"name":"wp","href":"https:\/\/api.w.org\/{rel}","templated":true}]}}