{"id":375725,"date":"2022-07-06T08:20:14","date_gmt":"2022-07-06T15:20:14","guid":{"rendered":"https:\/\/universalchurchusa.org\/es\/?p=375725"},"modified":"2022-07-06T10:05:38","modified_gmt":"2022-07-06T17:05:38","slug":"cuando-era-tan-solo-un-nino-tuvo-que-sufrir-la-perdida-de-su-padre","status":"publish","type":"post","link":"http:\/\/universalchurchusa.org\/es\/noticias\/post\/cuando-era-tan-solo-un-nino-tuvo-que-sufrir-la-perdida-de-su-padre\/","title":{"rendered":"Cuando era tan solo un ni\u00f1o tuvo que sufrir la p\u00e9rdida de su padre"},"content":{"rendered":"<p>Cuando Jos\u00e9 Paredes era tan solo un ni\u00f1o tuvo que sufrir la fuerte herida que le caus\u00f3 la muerte de su padre, este dolor lo convirti\u00f3 en un ni\u00f1o muy triste. Se sent\u00eda muy confundido al ver a otros ni\u00f1os poder disfrutar del cari\u00f1o de sus padres, a cada actividad a la que asist\u00eda sent\u00eda ese gran vac\u00edo que le provocaba el hecho de no tener pap\u00e1.<\/p>\n<p>Jos\u00e9 Paredes era un ni\u00f1o que prefer\u00eda estar apartado de los dem\u00e1s debido a ese dolor que viv\u00eda en \u00e9l y que a\u00fan lo lograba superar. El tiempo pas\u00f3, Jos\u00e9 creci\u00f3 y al llegar a la adolescencia se convirti\u00f3 en un muchacho rebelde que ahogaba sus dolores en alcohol.<\/p>\n<p>A la temprana edad de 13 a\u00f1os ya hab\u00eda sucumbido ante el consumo de cigarrillos y bebidas alcoh\u00f3licas, sus excesos no ten\u00edan l\u00edmites y en una necesidad de seguir explorando y destruy\u00e9ndose as\u00ed mismo intento con drogas, al principio suaves, luego toc\u00f3 fondo y empez\u00f3 a consumir estupefacientes m\u00e1s fuertes.<\/p>\n<p>Tras el impacto negativo que ten\u00eda que sufrir en su vida personal como en su salud debido a los vicios, empez\u00f3 a ser visto de mala manera por sus familiares, este rechazo lo llev\u00f3 a reflexionar sobre el rumbo que estaba tomando su vida. Pens\u00f3 que hab\u00eda llegado al l\u00edmite y que era hora de resurgir de entre lo m\u00e1s profundo de su decadencia, as\u00ed que acept\u00f3 la invitaci\u00f3n de quien fuera su pareja en ese momento para asistir a la Iglesia Universal.<\/p>\n<p>Una vez logr\u00f3 dejar entrar al Esp\u00edritu Santo a su coraz\u00f3n pudo encontrar esa ayuda que tanto necesitaba para dejar esa vida llena de vicios a la cual se encontraba aferrado. Junto a Dios ha logrado una vida llena de certezas, dejando de sufrir y despojando aquella tristeza que alguna vez lo arrop\u00f3, hoy d\u00eda solo le queda disfrutar de una vida llena de paz.<\/p>\n<p>Testimonio Jos\u00e9 Paredes.<\/p>\n<p><iframe loading=\"lazy\" title=\"No sab\u00eda c\u00f3mo superar la perdida de su padre y termin\u00f3 cayendo en los vicios -JOS\u00c9 PAREDES\" width=\"500\" height=\"281\" src=\"https:\/\/www.youtube.com\/embed\/yyHBBSOrnHU?feature=oembed\" frameborder=\"0\" allow=\"accelerometer; autoplay; clipboard-write; encrypted-media; gyroscope; picture-in-picture; web-share\" referrerpolicy=\"strict-origin-when-cross-origin\" allowfullscreen><\/iframe><\/p>\n<p>\u00bfUsted no logra ser saludable? \u00bfUsted ha sido internado en hospital? \u00bfUsted sufre con depresi\u00f3n, nerviosismo, insomnio, migra\u00f1as, desmayos, es dominado por el miedo, no logra ser saludable, sufre con una enfermedad cuyo diagn\u00f3stico no es identificado? No falte este domingo, donde ser\u00e1 realizada una oraci\u00f3n de fe para el libramiento de todo mal en su vida. Acomp\u00e1\u00f1enos este viernes en el <em>703 S Broadway, en la esquina de la calle 7 en Los \u00c1ngeles, California<\/em>, o en el 625 S Bonnie Brae, Los \u00c1ngeles, CA y en la Universal m\u00e1s cercana a usted.<\/p>\n<p style=\"text-align: center;\"><span style=\"font-size: 18pt;\"><strong><span style=\"color: #ff0000;\"><a style=\"color: #ff0000;\" href=\"https:\/\/universalchurchusa.org\/es\/noticias\/post\/un-terrible-abuso-la-condujo-a-la-depresion\/\">Lea tambi\u00e9n: Un terrible abuso la condujo a la depresi\u00f3n.<\/a><\/span><\/strong><\/span><\/p>\n<p style=\"text-align: center;\"><span style=\"font-size: 18pt;\"><strong><span style=\"color: #ff0000;\"><a style=\"color: #ff0000;\" href=\"https:\/\/www.instagram.com\/iglesiauniversalusa\/?r=nametag\">S\u00edganos en Instagram:\u00a0<span style=\"color: #ff6600;\">@iglesiauniversalusa<\/span><\/a><\/span><\/strong><\/span><\/p>\n","protected":false},"excerpt":{"rendered":"<p>Cuando Jos\u00e9 Paredes era tan solo un ni\u00f1o tuvo que sufrir la fuerte herida que le caus\u00f3 la muerte de su padre, este dolor lo convirti\u00f3 en un ni\u00f1o muy triste. Se sent\u00eda muy confundido al ver a otros ni\u00f1os poder disfrutar del cari\u00f1o de sus padres, a cada actividad a la que asist\u00eda sent\u00eda [&hellip;]<\/p>\n","protected":false},"author":269,"featured_media":375726,"comment_status":"open","ping_status":"open","sticky":false,"template":"","format":"standard","meta":{"footnotes":""},"categories":[1],"tags":[5758,17546],"site":[18871],"class_list":["post-375725","post","type-post","status-publish","format-standard","has-post-thumbnail","hentry","category-sin-categoria","tag-dios","tag-transformacion-de-vida","site-noticias-de-la-iglesia"],"amp_enabled":true,"_links":{"self":[{"href":"https:\/\/universalchurchusa.org\/es\/wp-json\/wp\/v2\/posts\/375725","targetHints":{"allow":["GET"]}}],"collection":[{"href":"https:\/\/universalchurchusa.org\/es\/wp-json\/wp\/v2\/posts"}],"about":[{"href":"https:\/\/universalchurchusa.org\/es\/wp-json\/wp\/v2\/types\/post"}],"author":[{"embeddable":true,"href":"https:\/\/universalchurchusa.org\/es\/wp-json\/wp\/v2\/users\/269"}],"replies":[{"embeddable":true,"href":"https:\/\/universalchurchusa.org\/es\/wp-json\/wp\/v2\/comments?post=375725"}],"version-history":[{"count":3,"href":"https:\/\/universalchurchusa.org\/es\/wp-json\/wp\/v2\/posts\/375725\/revisions"}],"predecessor-version":[{"id":375737,"href":"https:\/\/universalchurchusa.org\/es\/wp-json\/wp\/v2\/posts\/375725\/revisions\/375737"}],"wp:featuredmedia":[{"embeddable":true,"href":"https:\/\/universalchurchusa.org\/es\/wp-json\/wp\/v2\/media\/375726"}],"wp:attachment":[{"href":"https:\/\/universalchurchusa.org\/es\/wp-json\/wp\/v2\/media?parent=375725"}],"wp:term":[{"taxonomy":"category","embeddable":true,"href":"https:\/\/universalchurchusa.org\/es\/wp-json\/wp\/v2\/categories?post=375725"},{"taxonomy":"post_tag","embeddable":true,"href":"https:\/\/universalchurchusa.org\/es\/wp-json\/wp\/v2\/tags?post=375725"},{"taxonomy":"site","embeddable":true,"href":"https:\/\/universalchurchusa.org\/es\/wp-json\/wp\/v2\/site?post=375725"}],"curies":[{"name":"wp","href":"https:\/\/api.w.org\/{rel}","templated":true}]}}