{"id":375660,"date":"2022-06-30T08:20:14","date_gmt":"2022-06-30T15:20:14","guid":{"rendered":"https:\/\/universalchurchusa.org\/es\/?p=375660"},"modified":"2022-06-30T08:20:14","modified_gmt":"2022-06-30T15:20:14","slug":"un-terrible-abuso-la-condujo-a-la-depresion","status":"publish","type":"post","link":"http:\/\/universalchurchusa.org\/es\/noticias\/post\/un-terrible-abuso-la-condujo-a-la-depresion\/","title":{"rendered":"Un terrible abuso la condujo a la depresi\u00f3n"},"content":{"rendered":"<p>Los problemas espirituales para Sylvia Rafael comenzaron siendo ella una adolescente, mientras cursaba la secundaria. Su ingenuidad y falta de experiencia la hizo confiar de m\u00e1s en el amor, dej\u00e1ndose llevar por un joven que, quien a trav\u00e9s de mentiras la enga\u00f1\u00f3 y la condujo a una trampa sin salida, donde resultar\u00eda sufriendo abusos sexuales por parte de otros hombres.<\/p>\n<p>Para ser desestabilizada a\u00fan m\u00e1s emocionalmente, sus padres, tras enterarse de la noticia, lejos de escucharla y apoyarla, retiraron su voto de confianza juzg\u00e1ndola como part\u00edcipe del abuso que hab\u00eda sufrido. Todos estos traumas generaron profundas heridas en ella, lo que la llev\u00f3 a asumir una actitud de abandono hacia su persona y su aspecto f\u00edsico.<\/p>\n<p>Sylvia Rafael consigui\u00f3 una pareja siendo esta otra terrible decepci\u00f3n en su vida amorosa, puesto que quien ella cre\u00eda que la amaba, result\u00f3 abandonandola no solo a ella, sino tambi\u00e9n a sus dos hijas.<\/p>\n<p>Todas estas ca\u00eddas y constantes tropiezos en la vida hac\u00edan que Sylvia Rafael no se sintiera amada por ninguno de sus seres allegados, incluso sus propias hijas. Todo lo que sent\u00eda lo quer\u00eda gritar a los cuatro vientos, pero ni siquiera lo intentaba porque predec\u00eda que a nadie le importar\u00eda o creer\u00eda todo por lo que ella estaba pasando.<\/p>\n<p>A la vida de Sylvia Rafael lleg\u00f3 la oportunidad de conocer, a trav\u00e9s de una amiga, a la Iglesia Universal, y desde entonces ha estado trabajando en las cadenas de liberaci\u00f3n, una pr\u00e1ctica que, seg\u00fan ella, ha sido la gu\u00eda para encontrar el camino de paz y armon\u00eda se\u00f1alado en la Palabra de Dios.<\/p>\n<p>Testimonio Sylvia Rafael.<\/p>\n<p><iframe loading=\"lazy\" title=\"Un terrible abuso la condujo a la depresi\u00f3n  - SYLVIA RAFAEL\" width=\"500\" height=\"281\" src=\"https:\/\/www.youtube.com\/embed\/9nF_Fh9LuYU?feature=oembed\" frameborder=\"0\" allow=\"accelerometer; autoplay; clipboard-write; encrypted-media; gyroscope; picture-in-picture; web-share\" referrerpolicy=\"strict-origin-when-cross-origin\" allowfullscreen><\/iframe><\/p>\n<p>&nbsp;<\/p>\n<p>\u00bfUsted no logra ser saludable? \u00bfUsted ha sido internado en hospital? \u00bfUsted sufre con depresi\u00f3n, nerviosismo, insomnio, migra\u00f1as, desmayos, es dominado por el miedo, no logra ser saludable, sufre con una enfermedad cuyo diagn\u00f3stico no es identificado? No falte este domingo, donde ser\u00e1 realizada una oraci\u00f3n de fe para el libramiento de todo mal en su vida. Acomp\u00e1\u00f1enos este viernes en el <em>703 S Broadway, en la esquina de la calle 7 en Los \u00c1ngeles, California<\/em>, o en el 625 S Bonnie Brae, Los \u00c1ngeles, CA y en la Universal m\u00e1s cercana a usted.<\/p>\n<p style=\"text-align: center;\"><span style=\"color: #ff0000; font-size: 18pt;\"><strong><a style=\"color: #ff0000;\" href=\"https:\/\/www.instagram.com\/iglesiauniversalusa\/?r=nametag\">S\u00edganos en Instagram:\u00a0<span style=\"color: #ff6600;\">@iglesiauniversalusa<\/span><\/a><\/strong><\/span><\/p>\n<p style=\"text-align: center;\"><span style=\"color: #ff0000; font-size: 18pt;\"><strong><a style=\"color: #ff0000;\" href=\"https:\/\/universalchurchusa.org\/es\/noticias\/post\/monte-carmelo-el-altar-de-la-decision\/\">Lea tambi\u00e9n: Monte Carmelo: el altar de la decisi\u00f3n.<\/a><\/strong><\/span><\/p>\n","protected":false},"excerpt":{"rendered":"<p>Los problemas espirituales para Sylvia Rafael comenzaron siendo ella una adolescente, mientras cursaba la secundaria. Su ingenuidad y falta de experiencia la hizo confiar de m\u00e1s en el amor, dej\u00e1ndose llevar por un joven que, quien a trav\u00e9s de mentiras la enga\u00f1\u00f3 y la condujo a una trampa sin salida, donde resultar\u00eda sufriendo abusos sexuales [&hellip;]<\/p>\n","protected":false},"author":269,"featured_media":375661,"comment_status":"open","ping_status":"open","sticky":false,"template":"","format":"standard","meta":{"footnotes":""},"categories":[1],"tags":[18960,5758,13372,17546],"site":[18871],"class_list":["post-375660","post","type-post","status-publish","format-standard","has-post-thumbnail","hentry","category-sin-categoria","tag-bendicion","tag-dios","tag-palabra-de-dios","tag-transformacion-de-vida","site-noticias-de-la-iglesia"],"amp_enabled":true,"_links":{"self":[{"href":"https:\/\/universalchurchusa.org\/es\/wp-json\/wp\/v2\/posts\/375660","targetHints":{"allow":["GET"]}}],"collection":[{"href":"https:\/\/universalchurchusa.org\/es\/wp-json\/wp\/v2\/posts"}],"about":[{"href":"https:\/\/universalchurchusa.org\/es\/wp-json\/wp\/v2\/types\/post"}],"author":[{"embeddable":true,"href":"https:\/\/universalchurchusa.org\/es\/wp-json\/wp\/v2\/users\/269"}],"replies":[{"embeddable":true,"href":"https:\/\/universalchurchusa.org\/es\/wp-json\/wp\/v2\/comments?post=375660"}],"version-history":[{"count":1,"href":"https:\/\/universalchurchusa.org\/es\/wp-json\/wp\/v2\/posts\/375660\/revisions"}],"predecessor-version":[{"id":375662,"href":"https:\/\/universalchurchusa.org\/es\/wp-json\/wp\/v2\/posts\/375660\/revisions\/375662"}],"wp:featuredmedia":[{"embeddable":true,"href":"https:\/\/universalchurchusa.org\/es\/wp-json\/wp\/v2\/media\/375661"}],"wp:attachment":[{"href":"https:\/\/universalchurchusa.org\/es\/wp-json\/wp\/v2\/media?parent=375660"}],"wp:term":[{"taxonomy":"category","embeddable":true,"href":"https:\/\/universalchurchusa.org\/es\/wp-json\/wp\/v2\/categories?post=375660"},{"taxonomy":"post_tag","embeddable":true,"href":"https:\/\/universalchurchusa.org\/es\/wp-json\/wp\/v2\/tags?post=375660"},{"taxonomy":"site","embeddable":true,"href":"https:\/\/universalchurchusa.org\/es\/wp-json\/wp\/v2\/site?post=375660"}],"curies":[{"name":"wp","href":"https:\/\/api.w.org\/{rel}","templated":true}]}}