{"id":372861,"date":"2022-02-22T23:51:44","date_gmt":"2022-02-23T07:51:44","guid":{"rendered":"https:\/\/wwwhml.universalchurchusa.org\/es\/?p=372861"},"modified":"2023-04-13T12:20:06","modified_gmt":"2023-04-13T19:20:06","slug":"usted-es-lo-que-come","status":"publish","type":"post","link":"http:\/\/universalchurchusa.org\/es\/noticias-de-la-iglesia\/post\/usted-es-lo-que-come\/","title":{"rendered":"Usted es lo que come"},"content":{"rendered":"<p><img loading=\"lazy\" decoding=\"async\" class=\"size-medium wp-image-372865 alignleft\" src=\"https:\/\/universalchurchusa.org\/es\/wp-content\/uploads\/sites\/6\/2022\/02\/NutriAccionCaleb1-300x202.jpg\" alt=\"\" width=\"300\" height=\"202\" srcset=\"https:\/\/universalchurchusa.org\/es\/wp-content\/uploads\/sites\/6\/2022\/02\/NutriAccionCaleb1-300x202.jpg 300w, https:\/\/universalchurchusa.org\/es\/wp-content\/uploads\/sites\/6\/2022\/02\/NutriAccionCaleb1-1024x690.jpg 1024w, https:\/\/universalchurchusa.org\/es\/wp-content\/uploads\/sites\/6\/2022\/02\/NutriAccionCaleb1-768x517.jpg 768w, https:\/\/universalchurchusa.org\/es\/wp-content\/uploads\/sites\/6\/2022\/02\/NutriAccionCaleb1-318x214.jpg 318w, https:\/\/universalchurchusa.org\/es\/wp-content\/uploads\/sites\/6\/2022\/02\/NutriAccionCaleb1.jpg 1280w\" sizes=\"auto, (max-width: 300px) 100vw, 300px\" \/>En el mes de febrero, el <strong>Grupo Caleb<\/strong> trabajar\u00e1 arduamente en una iniciativa llamada <strong><em>NutriAcci\u00f3n<\/em><\/strong>, cuya finalidad es concientizar sobre la importancia de la nutrici\u00f3n para la salud y tambi\u00e9n para validar el dicho, \u201custed es lo que come\u201d. Muchas personas piensan que lo que consumen no tendr\u00e1 ning\u00fan tipo de efecto en su salud, sin embargo, eso est\u00e1 lejos de la realidad. <strong><em><a href=\"https:\/\/www.lavanguardia.com\/vida\/junior-report\/20210204\/6223388\/buena-nutricion-clave-salud-bienestar.html\">La Vanguardia<\/a><\/em><\/strong>, a trav\u00e9s de una articulo publicado menciona que la <strong>OMS<\/strong> (Organizaci\u00f3n Mundial de la Salud) declar\u00f3 que la nutrici\u00f3n es la ingesti\u00f3n de alimentos en relaci\u00f3n con las necesidades diet\u00e9ticas del organismo y si hay una buena nutrici\u00f3n (basado a una dieta suficiente y equilibrada combinada con el ejercicio f\u00edsico regular) ser\u00e1 un elemento fundamental de la buena salud. Es algo que, infelizmente, muchas personas ignoran y, consecuentemente, sufren de diversas enfermedades semejantes a la alta presi\u00f3n o diabetes tipo 2. Incluso, estas condiciones se manifiestan o empeoran durante la fase de la tercera edad si se contin\u00faa con los malos h\u00e1bitos alimenticios.<\/p>\n<p><img loading=\"lazy\" decoding=\"async\" class=\"size-medium wp-image-372873 alignleft\" src=\"https:\/\/universalchurchusa.org\/es\/wp-content\/uploads\/sites\/6\/2022\/02\/NutriAccionCaleb3-300x163.jpg\" alt=\"\" width=\"300\" height=\"163\" srcset=\"https:\/\/universalchurchusa.org\/es\/wp-content\/uploads\/sites\/6\/2022\/02\/NutriAccionCaleb3-300x163.jpg 300w, https:\/\/universalchurchusa.org\/es\/wp-content\/uploads\/sites\/6\/2022\/02\/NutriAccionCaleb3-1024x556.jpg 1024w, https:\/\/universalchurchusa.org\/es\/wp-content\/uploads\/sites\/6\/2022\/02\/NutriAccionCaleb3-768x417.jpg 768w, https:\/\/universalchurchusa.org\/es\/wp-content\/uploads\/sites\/6\/2022\/02\/NutriAccionCaleb3-318x173.jpg 318w, https:\/\/universalchurchusa.org\/es\/wp-content\/uploads\/sites\/6\/2022\/02\/NutriAccionCaleb3.jpg 1280w\" sizes=\"auto, (max-width: 300px) 100vw, 300px\" \/>Este fue el mensaje que los voluntarios del <strong>Grupo Caleb<\/strong> pasaron a los presentes de la tercera edad en el templo ubicado en Bonnie Brae, en Los \u00c1ngeles, California. Les fue explicado sobre la importancia de cuidar de la alimentaci\u00f3n y de mantenerse activos f\u00edsicamente. Incluso, se mencion\u00f3 que, si la persona contin\u00faa comiendo comida chatarra y no saludable, tampoco ser\u00e1 saludable. Pero, si la persona mantiene una nutrici\u00f3n balanceada y moderada, podr\u00e1 disfrutar de una buena salud y podr\u00e1 prevenir ciertas enfermedades, como las mencionada previamente. Tambi\u00e9n, como ejemplo, los voluntarios prepararon platillos para mostrarlos a los presentes de la diversidad de comidas que pueden comer que son saludables, sin comprometer el buen sabor.<\/p>\n<p>Los presentes de la tercera edad est\u00e1n gratos con los integrantes del <strong>Grupo Caleb<\/strong> por la presentaci\u00f3n que fue presentada y por todos los consejos. Ellos pudieron entender sobre la importancia de la nutrici\u00f3n para la salud y tambi\u00e9n entender que el refr\u00e1n, \u201custed es lo que come\u201d es una realidad que muchos ignoran. Mientras tanto, los voluntarios del <strong>Grupo Caleb<\/strong> contin\u00faan en el mes de febrero a llevar esta conciencia a los que est\u00e1n viviendo la mejor etapa de la vida, la tercera edad.<\/p>\n<p>Si usted le gustar\u00eda participar de esta iniciativa, <strong><em>NutriAcci\u00f3n<\/em><\/strong>, o le gustar\u00eda m\u00e1s informaci\u00f3n sobre el <strong>Grupo Caleb<\/strong> en el templo ubicado en Bonnie Brae, vis\u00edtenos en el <em>625 S Bonnie Brae St, entre las calles Wilshire y 6, Los \u00c1ngeles, California 90057<\/em>. Tambi\u00e9n si le gustar\u00eda mantenerse informado\/a sobre los eventos y reuniones especiales realizado por el\u00a0<strong>Grupo Caleb<\/strong>\u00a0en toda la uni\u00f3n americana, s\u00edganos en la siguiente plataforma:<\/p>\n<p>Facebook:\u00a0<span style=\"color: #800000;\"><a style=\"color: #800000;\" href=\"https:\/\/www.facebook.com\/grupocalebusa\/\"><strong>Grupo Caleb FB<\/strong><\/a><\/span><\/p>\n<p>Ubique la Universal m\u00e1s cercana a usted:<strong>\u00a0<\/strong><a href=\"https:\/\/universalchurchusa.org\/es\/direcciones\/\"><strong><span style=\"color: #800000;\">Direcciones<\/span><\/strong><\/a><\/p>\n<p>Si usted tiene una pregunta o le gustar\u00eda una orientaci\u00f3n:\u00a0<span style=\"color: #800000;\"><a style=\"color: #800000;\" href=\"https:\/\/universalchurchusa.org\/es\/contactenos\/\"><strong>Cont\u00e1ctenos<\/strong><\/a><\/span><\/p>\n<p>Si le gustar\u00eda a\u00f1adir su nombre y el de su familia en el libro de oraci\u00f3n:\u00a0<a href=\"https:\/\/universalchurchusa.org\/es\/contactenos\/\"><strong><span style=\"color: #800000;\">Libro de Oraci\u00f3n<\/span><\/strong><\/a><\/p>\n<p>Regrese a la p\u00e1gina principal:\u00a0<span style=\"color: #800000;\"><a style=\"color: #800000;\" href=\"https:\/\/universalchurchusa.org\/es\/\"><strong>P\u00e1gina Principal<\/strong><\/a><\/span><\/p>\n","protected":false},"excerpt":{"rendered":"<p>En el mes de febrero, el Grupo Caleb trabajar\u00e1 arduamente en una iniciativa llamada NutriAcci\u00f3n, cuya finalidad es concientizar sobre la importancia de la nutrici\u00f3n para la salud y tambi\u00e9n para validar el dicho, \u201custed es lo que come\u201d. Muchas personas piensan que lo que consumen no tendr\u00e1 ning\u00fan tipo de efecto en su salud, [&hellip;]<\/p>\n","protected":false},"author":243,"featured_media":372869,"comment_status":"open","ping_status":"open","sticky":false,"template":"","format":"standard","meta":{"footnotes":""},"categories":[28856],"tags":[],"site":[18871],"class_list":["post-372861","post","type-post","status-publish","format-standard","has-post-thumbnail","hentry","category-grupo-caleb","site-noticias-de-la-iglesia"],"amp_enabled":true,"_links":{"self":[{"href":"https:\/\/universalchurchusa.org\/es\/wp-json\/wp\/v2\/posts\/372861","targetHints":{"allow":["GET"]}}],"collection":[{"href":"https:\/\/universalchurchusa.org\/es\/wp-json\/wp\/v2\/posts"}],"about":[{"href":"https:\/\/universalchurchusa.org\/es\/wp-json\/wp\/v2\/types\/post"}],"author":[{"embeddable":true,"href":"https:\/\/universalchurchusa.org\/es\/wp-json\/wp\/v2\/users\/243"}],"replies":[{"embeddable":true,"href":"https:\/\/universalchurchusa.org\/es\/wp-json\/wp\/v2\/comments?post=372861"}],"version-history":[{"count":2,"href":"https:\/\/universalchurchusa.org\/es\/wp-json\/wp\/v2\/posts\/372861\/revisions"}],"predecessor-version":[{"id":372945,"href":"https:\/\/universalchurchusa.org\/es\/wp-json\/wp\/v2\/posts\/372861\/revisions\/372945"}],"wp:featuredmedia":[{"embeddable":true,"href":"https:\/\/universalchurchusa.org\/es\/wp-json\/wp\/v2\/media\/372869"}],"wp:attachment":[{"href":"https:\/\/universalchurchusa.org\/es\/wp-json\/wp\/v2\/media?parent=372861"}],"wp:term":[{"taxonomy":"category","embeddable":true,"href":"https:\/\/universalchurchusa.org\/es\/wp-json\/wp\/v2\/categories?post=372861"},{"taxonomy":"post_tag","embeddable":true,"href":"https:\/\/universalchurchusa.org\/es\/wp-json\/wp\/v2\/tags?post=372861"},{"taxonomy":"site","embeddable":true,"href":"https:\/\/universalchurchusa.org\/es\/wp-json\/wp\/v2\/site?post=372861"}],"curies":[{"name":"wp","href":"https:\/\/api.w.org\/{rel}","templated":true}]}}