{"id":372521,"date":"2022-02-15T23:51:57","date_gmt":"2022-02-16T07:51:57","guid":{"rendered":"https:\/\/wwwhml.universalchurchusa.org\/es\/?p=372521"},"modified":"2023-04-13T12:22:11","modified_gmt":"2023-04-13T19:22:11","slug":"nutriaccion","status":"publish","type":"post","link":"http:\/\/universalchurchusa.org\/es\/noticias\/post\/nutriaccion\/","title":{"rendered":"NutriAcci\u00f3n"},"content":{"rendered":"<p><img loading=\"lazy\" decoding=\"async\" class=\" wp-image-372549 alignleft\" src=\"https:\/\/universalchurchusa.org\/es\/wp-content\/uploads\/sites\/6\/2022\/02\/NutriAccionVisaliaCaleb7-225x300.jpg\" alt=\"\" width=\"284\" height=\"378\" srcset=\"https:\/\/universalchurchusa.org\/es\/wp-content\/uploads\/sites\/6\/2022\/02\/NutriAccionVisaliaCaleb7-225x300.jpg 225w, https:\/\/universalchurchusa.org\/es\/wp-content\/uploads\/sites\/6\/2022\/02\/NutriAccionVisaliaCaleb7-768x1024.jpg 768w, https:\/\/universalchurchusa.org\/es\/wp-content\/uploads\/sites\/6\/2022\/02\/NutriAccionVisaliaCaleb7-318x424.jpg 318w, https:\/\/universalchurchusa.org\/es\/wp-content\/uploads\/sites\/6\/2022\/02\/NutriAccionVisaliaCaleb7.jpg 810w\" sizes=\"auto, (max-width: 284px) 100vw, 284px\" \/>La nutrici\u00f3n es fundamental para el bienestar del ser humano, por tal motivo el <strong>Grupo Caleb<\/strong> llevar\u00e1 a cabo una iniciativa denominada <strong><em>NutriAcci\u00f3n<\/em><\/strong>. A consecuencia de la mala nutrici\u00f3n y la vida sedentaria que muchas personas viven en la actualidad, se han vuelto susceptibles a varias enfermedades semejantes a la diabetes tipo 2, problemas cardiovasculares o la hipertensi\u00f3n, por ejemplo. Basado en un articulo publicado en <a href=\"https:\/\/www.aarp.org\/espanol\/salud\/vida-saludable\/info-2015\/adultos-mayores-ancianos-hambre-pobreza.html\"><strong><em>AARP<\/em><\/strong><\/a>\u00a0, menciona que los adultos mayores que sufren de inseguridad alimentaria tienen una probabilidad del 60% de padecer de depresi\u00f3n y m\u00e1s del 50% de sufrir de un ataque al coraz\u00f3n. Este articulo como un sinn\u00famero de investigaciones cl\u00ednicas han comprobado la correlaci\u00f3n de la alimentaci\u00f3n con el estado de salud de las personas.<\/p>\n<p>Por este motivo el <strong>Grupo Caleb,<\/strong> en el transcurso del mes de febrero, estar\u00e1 realizando reuniones especiales para todas las personas de la tercera edad para que puedan aprender, modificar y cuidar de su salud. A trav\u00e9s de la iniciativa <strong><em>NutriAcci\u00f3n<\/em><\/strong>, se trabajar\u00e1 para llevar a los participantes a llevar a cabo ejercitaci\u00f3n f\u00edsica para el bienestar de su salud e informarse sobre la nutrici\u00f3n, especialmente para aquellos que forman parte del grupo de la tercera edad. Incluso, se les concientizar\u00e1 a ellas que, para tener una vida de calidad, es esencial una buena nutrici\u00f3n y el ejercicio f\u00edsico. Incluso, estos dos son las herramientas propicias para combatir varias enfermedades, como las mencionadas previamente.<\/p>\n<p><img loading=\"lazy\" decoding=\"async\" class=\"size-medium wp-image-372525 alignleft\" src=\"https:\/\/universalchurchusa.org\/es\/wp-content\/uploads\/sites\/6\/2022\/02\/NutriAccionVisaliaCaleb1-300x225.jpg\" alt=\"\" width=\"300\" height=\"225\" srcset=\"https:\/\/universalchurchusa.org\/es\/wp-content\/uploads\/sites\/6\/2022\/02\/NutriAccionVisaliaCaleb1-300x225.jpg 300w, https:\/\/universalchurchusa.org\/es\/wp-content\/uploads\/sites\/6\/2022\/02\/NutriAccionVisaliaCaleb1-1024x768.jpg 1024w, https:\/\/universalchurchusa.org\/es\/wp-content\/uploads\/sites\/6\/2022\/02\/NutriAccionVisaliaCaleb1-768x576.jpg 768w, https:\/\/universalchurchusa.org\/es\/wp-content\/uploads\/sites\/6\/2022\/02\/NutriAccionVisaliaCaleb1-318x239.jpg 318w, https:\/\/universalchurchusa.org\/es\/wp-content\/uploads\/sites\/6\/2022\/02\/NutriAccionVisaliaCaleb1.jpg 1280w\" sizes=\"auto, (max-width: 300px) 100vw, 300px\" \/>Las personas en cada reuni\u00f3n podr\u00e1n disfrutar de conferencias sobre la nutrici\u00f3n, actividades f\u00edsicas, taller de comidas saludables y educaci\u00f3n para el mejoramiento de la salud. Todo, gratuitamente, est\u00e1 a la disposici\u00f3n de todas las personas de la tercera edad. Podr\u00e1n entender que el comer saludable incrementar\u00e1 el bienestar y tambi\u00e9n reforzar\u00e1 el sistema inmunol\u00f3gico. El <strong>Grupo Caleb<\/strong>, a trav\u00e9s de la iniciativa <strong><em>NutriAcci\u00f3n<\/em><\/strong>, ayudar\u00e1 a cuidar una de las cosas de gran importancia para el ser humano, la salud.<\/p>\n<p>Si usted le gustar\u00eda informarse m\u00e1s sobre la iniciativa <strong><em>NutriAcci\u00f3n<\/em><\/strong> y todo lo que ser\u00e1 realizado en el mes de febrero a trav\u00e9s del <strong>Grupo Caleb<\/strong>, vis\u00edtenos en el <em>703 S Broadway, esquina con la calle 7 en Los \u00c1ngeles, California<\/em>, o en la Universal m\u00e1s cercana a usted. Venga a participar para aprender a restablecer y conservar su salud. Tambi\u00e9n si le gustar\u00eda mantenerse informado\/a sobre los eventos y reuniones especiales realizado por el <strong>Grupo Caleb<\/strong> en toda la uni\u00f3n americana, s\u00edganos en la siguiente plataforma:<\/p>\n<p>Facebook:\u00a0<a href=\"https:\/\/www.facebook.com\/grupocalebusa\/\"><strong><span style=\"color: #800000;\">Grupo Caleb FB<\/span><\/strong><\/a><\/p>\n<p>Ubique la Universal m\u00e1s cercana a usted:<strong>\u00a0<\/strong><a href=\"https:\/\/universalchurchusa.org\/es\/direcciones\/\"><strong><span style=\"color: #800000;\">Direcciones<\/span><\/strong><\/a><\/p>\n<p>Si usted tiene una pregunta o le gustar\u00eda una orientaci\u00f3n:\u00a0<span style=\"color: #800000;\"><a style=\"color: #800000;\" href=\"https:\/\/universalchurchusa.org\/es\/contactenos\/\"><strong>Cont\u00e1ctenos<\/strong><\/a><\/span><\/p>\n<p>Si le gustar\u00eda a\u00f1adir su nombre y el de su familia en el libro de oraci\u00f3n:\u00a0<span style=\"color: #800000;\"><a style=\"color: #800000;\" href=\"https:\/\/universalchurchusa.org\/es\/contactenos\/\"><strong>Libro de Oraci\u00f3n<\/strong><\/a><\/span><\/p>\n<p>Regrese a la p\u00e1gina principal:\u00a0<span style=\"color: #800000;\"><a style=\"color: #800000;\" href=\"https:\/\/universalchurchusa.org\/es\/\"><strong>P\u00e1gina Principal<\/strong><\/a><\/span><\/p>\n","protected":false},"excerpt":{"rendered":"<p>La nutrici\u00f3n es fundamental para el bienestar del ser humano, por tal motivo el Grupo Caleb llevar\u00e1 a cabo una iniciativa denominada NutriAcci\u00f3n. A consecuencia de la mala nutrici\u00f3n y la vida sedentaria que muchas personas viven en la actualidad, se han vuelto susceptibles a varias enfermedades semejantes a la diabetes tipo 2, problemas cardiovasculares [&hellip;]<\/p>\n","protected":false},"author":243,"featured_media":372537,"comment_status":"open","ping_status":"open","sticky":false,"template":"","format":"standard","meta":{"footnotes":""},"categories":[28856,1],"tags":[],"site":[18871],"class_list":["post-372521","post","type-post","status-publish","format-standard","has-post-thumbnail","hentry","category-grupo-caleb","category-sin-categoria","site-noticias-de-la-iglesia"],"amp_enabled":true,"_links":{"self":[{"href":"https:\/\/universalchurchusa.org\/es\/wp-json\/wp\/v2\/posts\/372521","targetHints":{"allow":["GET"]}}],"collection":[{"href":"https:\/\/universalchurchusa.org\/es\/wp-json\/wp\/v2\/posts"}],"about":[{"href":"https:\/\/universalchurchusa.org\/es\/wp-json\/wp\/v2\/types\/post"}],"author":[{"embeddable":true,"href":"https:\/\/universalchurchusa.org\/es\/wp-json\/wp\/v2\/users\/243"}],"replies":[{"embeddable":true,"href":"https:\/\/universalchurchusa.org\/es\/wp-json\/wp\/v2\/comments?post=372521"}],"version-history":[{"count":1,"href":"https:\/\/universalchurchusa.org\/es\/wp-json\/wp\/v2\/posts\/372521\/revisions"}],"predecessor-version":[{"id":372553,"href":"https:\/\/universalchurchusa.org\/es\/wp-json\/wp\/v2\/posts\/372521\/revisions\/372553"}],"wp:featuredmedia":[{"embeddable":true,"href":"https:\/\/universalchurchusa.org\/es\/wp-json\/wp\/v2\/media\/372537"}],"wp:attachment":[{"href":"https:\/\/universalchurchusa.org\/es\/wp-json\/wp\/v2\/media?parent=372521"}],"wp:term":[{"taxonomy":"category","embeddable":true,"href":"https:\/\/universalchurchusa.org\/es\/wp-json\/wp\/v2\/categories?post=372521"},{"taxonomy":"post_tag","embeddable":true,"href":"https:\/\/universalchurchusa.org\/es\/wp-json\/wp\/v2\/tags?post=372521"},{"taxonomy":"site","embeddable":true,"href":"https:\/\/universalchurchusa.org\/es\/wp-json\/wp\/v2\/site?post=372521"}],"curies":[{"name":"wp","href":"https:\/\/api.w.org\/{rel}","templated":true}]}}