{"id":359797,"date":"2021-10-07T08:00:09","date_gmt":"2021-10-07T15:00:09","guid":{"rendered":"https:\/\/wwwhml.universalchurchusa.org\/es\/?p=359797"},"modified":"2021-10-08T14:36:33","modified_gmt":"2021-10-08T21:36:33","slug":"no-podia-ser-normal-como-otras-muchachas-de-mi-edad","status":"publish","type":"post","link":"http:\/\/universalchurchusa.org\/es\/noticias\/post\/no-podia-ser-normal-como-otras-muchachas-de-mi-edad\/","title":{"rendered":"No pod\u00eda ser normal como otras muchachas de mi edad"},"content":{"rendered":"<p>&#8211; Me preguntaba por qu\u00e9 no pod\u00eda ser normal como otras muchachas de mi edad, me preguntaba por qu\u00e9 no era inteligente o bonita, o por qu\u00e9 yo sufr\u00eda de abusos de otros hombres. Nunca me sent\u00ed suficiente como otras muchachas que conoc\u00eda. Despu\u00e9s de los 16 a\u00f1os tuve una beb\u00e9 y empec\u00e9 a bailar en clubs para poder mantenerla. Estuve en prisi\u00f3n cinco a\u00f1os por tr\u00e1fico de drogas, perd\u00ed mis hijos, perd\u00ed todo. Cuando sal\u00ed de la c\u00e1rcel pensaba que no quer\u00eda seguir viviendo, empec\u00e9 a consumir m\u00e1s drogas fuertes y a vender mi cuerpo, ya no me importaba nada porque pensaba que ya no ten\u00eda nada por qu\u00e9 vivir.<\/p>\n<p>&#8211; Una noche, bajo el efecto de muchas drogas sent\u00ed que hablaba con Dios y le dec\u00eda que no quer\u00eda vivir m\u00e1s, ten\u00eda que acabar con ese sufrimiento. Al d\u00eda siguiente despert\u00e9 y me decid\u00ed en ir a visitar la iglesia, fue ah\u00ed donde el Pastor me dijo que me iba a ayudar con las Cadenas de Oraci\u00f3n. Despu\u00e9s de dos meses asistiendo a la iglesia, ya no siento la necesidad de tener ning\u00fan vicio. Me siento una persona libre y nueva, ni siquiera mis amigos y mi familia me reconocen. Ahora me gustar\u00eda que otras personas sientan el gozo que siento, que todos asistan a la Iglesia Universal para que ellos entiendan por qu\u00e9 ahora soy tan feliz.<\/p>\n<p>Testimonio Betsaida Jim\u00e9nez<\/p>\n<p>\u00bfUsted no logra ser feliz? \u00bfUsted ha sido v\u00edctima de brujer\u00eda? \u00bfUsted sufre con depresi\u00f3n, nerviosismo, insomnio, migra\u00f1as, ataques de ira, vicios, desmayos, escucha voces, ve bultos, es dominado por el miedo, no logra ser feliz, ha perdido todo, su vida est\u00e1 destruida, sufre con una enfermedad cuyo diagn\u00f3stico no es identificado? No falte este viernes en la Sesi\u00f3n de la Descarga Espiritual, donde ser\u00e1 realizada una oraci\u00f3n de fe para determinar el libramiento de todo mal en su vida. Acomp\u00e1\u00f1enos este viernes en el <em>703 S Broadway, en la esquina de la calle 7 en Los \u00c1ngeles, California<\/em>, o en 625 S Bonnie Brae, Los \u00c1ngeles, CA y en la Universal m\u00e1s cercana a usted.<\/p>\n<p><span style=\"color: #0000ff;\"><a style=\"color: #0000ff;\" href=\"https:\/\/www.youtube.com\/watch?v=fqjjm6y1itc\">Lea tambi\u00e9n.<\/a><\/span><\/p>\n<p><span style=\"color: #0000ff;\"><a style=\"color: #0000ff;\" href=\"https:\/\/universalchurchusa.org\/es\/noticias\/post\/no-tenia-ganas-de-vivir-debido-a-la-perdida\/\">Lea tambi\u00e9n: No ten\u00eda ganas de vivir debido a la p\u00e9rdida de mi esposo<\/a><\/span><\/p>\n","protected":false},"excerpt":{"rendered":"<p>&#8211; Me preguntaba por qu\u00e9 no pod\u00eda ser normal como otras muchachas de mi edad, me preguntaba por qu\u00e9 no era inteligente o bonita, o por qu\u00e9 yo sufr\u00eda de abusos de otros hombres. Nunca me sent\u00ed suficiente como otras muchachas que conoc\u00eda. Despu\u00e9s de los 16 a\u00f1os tuve una beb\u00e9 y empec\u00e9 a bailar [&hellip;]<\/p>\n","protected":false},"author":243,"featured_media":360065,"comment_status":"open","ping_status":"open","sticky":false,"template":"","format":"standard","meta":{"footnotes":""},"categories":[1],"tags":[5758,7736,17546],"site":[18871],"class_list":["post-359797","post","type-post","status-publish","format-standard","has-post-thumbnail","hentry","category-sin-categoria","tag-dios","tag-fe","tag-transformacion-de-vida","site-noticias-de-la-iglesia"],"amp_enabled":true,"_links":{"self":[{"href":"https:\/\/universalchurchusa.org\/es\/wp-json\/wp\/v2\/posts\/359797","targetHints":{"allow":["GET"]}}],"collection":[{"href":"https:\/\/universalchurchusa.org\/es\/wp-json\/wp\/v2\/posts"}],"about":[{"href":"https:\/\/universalchurchusa.org\/es\/wp-json\/wp\/v2\/types\/post"}],"author":[{"embeddable":true,"href":"https:\/\/universalchurchusa.org\/es\/wp-json\/wp\/v2\/users\/243"}],"replies":[{"embeddable":true,"href":"https:\/\/universalchurchusa.org\/es\/wp-json\/wp\/v2\/comments?post=359797"}],"version-history":[{"count":2,"href":"https:\/\/universalchurchusa.org\/es\/wp-json\/wp\/v2\/posts\/359797\/revisions"}],"predecessor-version":[{"id":359933,"href":"https:\/\/universalchurchusa.org\/es\/wp-json\/wp\/v2\/posts\/359797\/revisions\/359933"}],"wp:featuredmedia":[{"embeddable":true,"href":"https:\/\/universalchurchusa.org\/es\/wp-json\/wp\/v2\/media\/360065"}],"wp:attachment":[{"href":"https:\/\/universalchurchusa.org\/es\/wp-json\/wp\/v2\/media?parent=359797"}],"wp:term":[{"taxonomy":"category","embeddable":true,"href":"https:\/\/universalchurchusa.org\/es\/wp-json\/wp\/v2\/categories?post=359797"},{"taxonomy":"post_tag","embeddable":true,"href":"https:\/\/universalchurchusa.org\/es\/wp-json\/wp\/v2\/tags?post=359797"},{"taxonomy":"site","embeddable":true,"href":"https:\/\/universalchurchusa.org\/es\/wp-json\/wp\/v2\/site?post=359797"}],"curies":[{"name":"wp","href":"https:\/\/api.w.org\/{rel}","templated":true}]}}