{"id":352901,"date":"2021-08-10T10:29:26","date_gmt":"2021-08-10T17:29:26","guid":{"rendered":"https:\/\/wwwhml.universalchurchusa.org\/es\/?p=352901"},"modified":"2021-08-10T10:29:26","modified_gmt":"2021-08-10T17:29:26","slug":"el-paso-de-fe-que-me-llevo-a-recibir-el-espiritu-santo","status":"publish","type":"post","link":"http:\/\/universalchurchusa.org\/es\/noticias\/post\/el-paso-de-fe-que-me-llevo-a-recibir-el-espiritu-santo\/","title":{"rendered":"El paso de fe que me llev\u00f3 a recibir el Esp\u00edritu Santo"},"content":{"rendered":"<p><em>Testimonio de Cesar Caballero<\/em><\/p>\n<p>Hoy en d\u00eda, Cesar Caballero vive una vida llena de paz y alegr\u00eda, pero no siempre fue as\u00ed. A causa de la soledad y el vac\u00edo interior, \u00e9l se torn\u00f3 en una persona triste, nerviosa y amargada. Al paso del tiempo, termin\u00f3 cayendo en depresi\u00f3n. En medio de esta situaci\u00f3n, \u00e9l recibi\u00f3 una invitaci\u00f3n para participar de un servicio en la Universal. Participando de los servicios de fe, escuch\u00f3 hablar sobre el Ayuno de Daniel. Acompa\u00f1e la historia de Cesar y c\u00f3mo su vida fue transformada cuando recibi\u00f3 el Esp\u00edritu Santo:<\/p>\n<p><iframe loading=\"lazy\" title=\"TST AYUNO DE DANIEL- Cesar Caballero\" width=\"500\" height=\"281\" src=\"https:\/\/www.youtube.com\/embed\/EiUuJ6i9neQ?feature=oembed\" frameborder=\"0\" allow=\"accelerometer; autoplay; clipboard-write; encrypted-media; gyroscope; picture-in-picture; web-share\" referrerpolicy=\"strict-origin-when-cross-origin\" allowfullscreen><\/iframe><\/p>\n<p>Ubique la Universal m\u00e1s cercana a usted:<strong>\u00a0<\/strong><span style=\"color: #ff9900;\"><a style=\"color: #ff9900;\" href=\"https:\/\/universalchurchusa.org\/es\/direcciones\/\"><strong>Direcciones<\/strong><\/a><\/span><\/p>\n<p>Si usted tiene una pregunta o le gustar\u00eda una orientaci\u00f3n:<strong>\u00a0<\/strong><span style=\"color: #ff9900;\"><a style=\"color: #ff9900;\" href=\"https:\/\/universalchurchusa.org\/es\/contactenos\/\"><strong>Cont\u00e1ctenos<\/strong><\/a><\/span><\/p>\n<p>Si le gustar\u00eda a\u00f1adir su nombre y el de su familia en el libro de oraci\u00f3n:\u00a0<span style=\"color: #ff9900;\"><a style=\"color: #ff9900;\" href=\"https:\/\/universalchurchusa.org\/es\/contactenos\/\"><strong>Libro de Oraci\u00f3n<\/strong><\/a><\/span><\/p>\n<p>Regrese a la p\u00e1gina principal:\u00a0<span style=\"color: #ff9900;\"><a style=\"color: #ff9900;\" href=\"https:\/\/universalchurchusa.org\/es\/\"><strong>P\u00e1gina Principal<\/strong><\/a><\/span><\/p>\n","protected":false},"excerpt":{"rendered":"<p>Testimonio de Cesar Caballero Hoy en d\u00eda, Cesar Caballero vive una vida llena de paz y alegr\u00eda, pero no siempre fue as\u00ed. A causa de la soledad y el vac\u00edo interior, \u00e9l se torn\u00f3 en una persona triste, nerviosa y amargada. Al paso del tiempo, termin\u00f3 cayendo en depresi\u00f3n. En medio de esta situaci\u00f3n, \u00e9l [&hellip;]<\/p>\n","protected":false},"author":243,"featured_media":352889,"comment_status":"open","ping_status":"open","sticky":false,"template":"","format":"standard","meta":{"footnotes":""},"categories":[1],"tags":[],"site":[18871],"class_list":["post-352901","post","type-post","status-publish","format-standard","has-post-thumbnail","hentry","category-sin-categoria","site-noticias-de-la-iglesia"],"amp_enabled":true,"_links":{"self":[{"href":"https:\/\/universalchurchusa.org\/es\/wp-json\/wp\/v2\/posts\/352901","targetHints":{"allow":["GET"]}}],"collection":[{"href":"https:\/\/universalchurchusa.org\/es\/wp-json\/wp\/v2\/posts"}],"about":[{"href":"https:\/\/universalchurchusa.org\/es\/wp-json\/wp\/v2\/types\/post"}],"author":[{"embeddable":true,"href":"https:\/\/universalchurchusa.org\/es\/wp-json\/wp\/v2\/users\/243"}],"replies":[{"embeddable":true,"href":"https:\/\/universalchurchusa.org\/es\/wp-json\/wp\/v2\/comments?post=352901"}],"version-history":[{"count":1,"href":"https:\/\/universalchurchusa.org\/es\/wp-json\/wp\/v2\/posts\/352901\/revisions"}],"predecessor-version":[{"id":352905,"href":"https:\/\/universalchurchusa.org\/es\/wp-json\/wp\/v2\/posts\/352901\/revisions\/352905"}],"wp:featuredmedia":[{"embeddable":true,"href":"https:\/\/universalchurchusa.org\/es\/wp-json\/wp\/v2\/media\/352889"}],"wp:attachment":[{"href":"https:\/\/universalchurchusa.org\/es\/wp-json\/wp\/v2\/media?parent=352901"}],"wp:term":[{"taxonomy":"category","embeddable":true,"href":"https:\/\/universalchurchusa.org\/es\/wp-json\/wp\/v2\/categories?post=352901"},{"taxonomy":"post_tag","embeddable":true,"href":"https:\/\/universalchurchusa.org\/es\/wp-json\/wp\/v2\/tags?post=352901"},{"taxonomy":"site","embeddable":true,"href":"https:\/\/universalchurchusa.org\/es\/wp-json\/wp\/v2\/site?post=352901"}],"curies":[{"name":"wp","href":"https:\/\/api.w.org\/{rel}","templated":true}]}}