{"id":352581,"date":"2021-08-04T18:06:21","date_gmt":"2021-08-05T01:06:21","guid":{"rendered":"https:\/\/wwwhml.universalchurchusa.org\/es\/?p=352581"},"modified":"2021-08-04T18:06:21","modified_gmt":"2021-08-05T01:06:21","slug":"sepa-cuando-es-el-momento-de-orar-y-cuando-el-de-actuar","status":"publish","type":"post","link":"http:\/\/universalchurchusa.org\/es\/noticias\/post\/sepa-cuando-es-el-momento-de-orar-y-cuando-el-de-actuar\/","title":{"rendered":"Sepa cu\u00e1ndo es el momento de orar y cu\u00e1ndo el de actuar"},"content":{"rendered":"<p>La fe es certeza, y la certeza proviene de conocer cu\u00e1l es la voluntad de Dios. Si usted no la conoce, ore hasta que \u00c9l se la muestre. Si usted ya la conoce, comience a actuar. Muchos se enfr\u00edan en la fe porque nunca toman una actitud, aun sabiendo lo que tienen que hacer. Los a\u00f1os pasan, todo permanece igual y se desaniman. Otros se enfr\u00edan porque toman decisiones basadas no en la certeza, sino en lo que est\u00e1n viendo y sintiendo. Cuando todo sale mal, tambi\u00e9n se desaniman. Sepa discernir lo que el momento pide, si es orar, actuar, o ambas cosas.<\/p>\n<p>50 consejos para blindar su fe &#8211; 27<\/p>\n<p>Autor: obispo Macedo.<\/p>\n<p>&nbsp;<\/p>\n","protected":false},"excerpt":{"rendered":"<p>La fe es certeza, y la certeza proviene de conocer cu\u00e1l es la voluntad de Dios. Si usted no la conoce, ore hasta que \u00c9l se la muestre. Si usted ya la conoce, comience a actuar. Muchos se enfr\u00edan en la fe porque nunca toman una actitud, aun sabiendo lo que tienen que hacer. Los [&hellip;]<\/p>\n","protected":false},"author":243,"featured_media":352585,"comment_status":"open","ping_status":"open","sticky":false,"template":"","format":"standard","meta":{"footnotes":""},"categories":[1],"tags":[],"site":[18871],"class_list":["post-352581","post","type-post","status-publish","format-standard","has-post-thumbnail","hentry","category-sin-categoria","site-noticias-de-la-iglesia"],"amp_enabled":true,"_links":{"self":[{"href":"https:\/\/universalchurchusa.org\/es\/wp-json\/wp\/v2\/posts\/352581","targetHints":{"allow":["GET"]}}],"collection":[{"href":"https:\/\/universalchurchusa.org\/es\/wp-json\/wp\/v2\/posts"}],"about":[{"href":"https:\/\/universalchurchusa.org\/es\/wp-json\/wp\/v2\/types\/post"}],"author":[{"embeddable":true,"href":"https:\/\/universalchurchusa.org\/es\/wp-json\/wp\/v2\/users\/243"}],"replies":[{"embeddable":true,"href":"https:\/\/universalchurchusa.org\/es\/wp-json\/wp\/v2\/comments?post=352581"}],"version-history":[{"count":1,"href":"https:\/\/universalchurchusa.org\/es\/wp-json\/wp\/v2\/posts\/352581\/revisions"}],"predecessor-version":[{"id":352589,"href":"https:\/\/universalchurchusa.org\/es\/wp-json\/wp\/v2\/posts\/352581\/revisions\/352589"}],"wp:featuredmedia":[{"embeddable":true,"href":"https:\/\/universalchurchusa.org\/es\/wp-json\/wp\/v2\/media\/352585"}],"wp:attachment":[{"href":"https:\/\/universalchurchusa.org\/es\/wp-json\/wp\/v2\/media?parent=352581"}],"wp:term":[{"taxonomy":"category","embeddable":true,"href":"https:\/\/universalchurchusa.org\/es\/wp-json\/wp\/v2\/categories?post=352581"},{"taxonomy":"post_tag","embeddable":true,"href":"https:\/\/universalchurchusa.org\/es\/wp-json\/wp\/v2\/tags?post=352581"},{"taxonomy":"site","embeddable":true,"href":"https:\/\/universalchurchusa.org\/es\/wp-json\/wp\/v2\/site?post=352581"}],"curies":[{"name":"wp","href":"https:\/\/api.w.org\/{rel}","templated":true}]}}