{"id":351325,"date":"2021-08-02T08:00:22","date_gmt":"2021-08-02T15:00:22","guid":{"rendered":"https:\/\/wwwhml.universalchurchusa.org\/es\/?p=351325"},"modified":"2021-07-26T11:51:57","modified_gmt":"2021-07-26T18:51:57","slug":"obediencia-parcial-y-obediencia-total-parte-1","status":"publish","type":"post","link":"http:\/\/universalchurchusa.org\/es\/noticias\/post\/obediencia-parcial-y-obediencia-total-parte-1\/","title":{"rendered":"Obediencia parcial y obediencia total (parte 1)"},"content":{"rendered":"<p>(Parte 1)<\/p>\n<p><strong><em>\u201c\u00a1Ay de vosotros, escribas y fariseos, hip\u00f3critas!, porque pag\u00e1is el diezmo de la menta, del eneldo y del comino, y hab\u00e9is descuidado los preceptos de m\u00e1s peso de la ley: la justicia, la misericordia y la fidelidad; y estas son las cosas que deb\u00edais haber hecho, sin descuidar aquellas.\u201d<\/em><\/strong> (Mateo 23:23).<\/p>\n<p>Necesitamos comenzar este cap\u00edtulo aclarando primero un punto controvertido en la actualidad. Equivocadamente, algunas personas han interpretado el vers\u00edculo anterior como una oposici\u00f3n del Se\u00f1or Jes\u00fas al diezmo, cuando no se trata de eso.<\/p>\n<p>La pr\u00e1ctica del diezmo vino antes de la Ley y no comenz\u00f3 con los israelitas. Esa costumbre ya exist\u00eda en muchos pueblos paganos de civilizaciones antiguas, los cuales les daban el diezmo a sus dioses.<\/p>\n<p>En la era patriarcal, per\u00edodo anterior a la Ley Mosaica, encontramos, por parte de Abraham, esa misma actitud:<\/p>\n<p><strong><em>\u201cEntonces Melquisedec, rey de Salem, saco\u0301 pan y vino; \u00e9l era sacerdote del Dios Alt\u00edsimo. Y lo bendijo, diciendo: Bendito sea Abram del Dios Alt\u00edsimo, Creador del cielo y de la tierra; y bendito sea el Dios Alt\u00edsimo que entrego\u0301 a tus enemigos en tu mano. Y le dio Abram el diezmo de todo.\u201d<\/em><\/strong> (G\u00e9nesis 14:18-20).<\/p>\n<p>Tambi\u00e9n vemos a Jacob, nieto de Abraham, haciendo lo mismo:<\/p>\n<p><strong><em>\u201cY esta piedra que he puesto por se\u00f1al ser\u00e1\u0301 casa de Dios; y de todo lo que me des, Te dar\u00e9 el diezmo.\u201d<\/em><\/strong> (G\u00e9nesis 28:22).<\/p>\n<p>M\u00e1s adelante, el diezmo fue establecido por Dios, por intermedio de Mois\u00e9s:<\/p>\n<p><strong><em>\u201cDiezmar\u00e1s fielmente todo el producto de tu sementera, lo que rinde tu campo cada a\u00f1o.\u201d <\/em><\/strong>(Deuteronomio 14:22)<\/p>\n<p><strong><em>\u201cAs\u00ed pues, todo el diezmo de la tierra, de la semilla de la tierra o del fruto del \u00e1rbol, es del Se\u00f1or; es cosa consagrada al Se\u00f1or. Y si un hombre quiere redimir parte de su diezmo, le a\u00f1adir\u00e1\u0301 la quinta parte. Todo diezmo del ganado o del reba\u00f1o, o sea, de todo lo que pasa debajo del cayado, la d\u00e9cima cabeza ser\u00e1 cosa consagrada al Se\u00f1or.\u201d \u00a0<\/em><\/strong>(Lev\u00edtico 27:30-32).<\/p>\n<p>Continuara\u2026<\/p>\n<p>Mensaje substra\u00eddo de:\u00a0<strong>El Oro y el Altar<\/strong>\u00a0(autor: Obispo Edir Macedo)<\/p>\n<p>Ubique la Universal m\u00e1s cercana a usted:<strong>\u00a0<\/strong><span style=\"color: #ff0000;\"><a style=\"color: #ff0000;\" href=\"https:\/\/universalchurchusa.org\/es\/direcciones\/\"><strong>Direcciones<\/strong><\/a><\/span><\/p>\n<p>Si usted tiene una pregunta o le gustar\u00eda una orientaci\u00f3n:\u00a0<span style=\"color: #ff0000;\"><a style=\"color: #ff0000;\" href=\"https:\/\/universalchurchusa.org\/es\/contactenos\/\"><strong>Cont\u00e1ctenos<\/strong><\/a><\/span><\/p>\n<p>Si usted le gustar\u00eda a\u00f1adir su nombre y el de su familia en el libro de oraci\u00f3n:\u00a0<span style=\"color: #ff0000;\"><a style=\"color: #ff0000;\" href=\"https:\/\/universalchurchusa.org\/es\/contactenos\/\"><strong>Libro de Oraci\u00f3n<\/strong><\/a><\/span><\/p>\n<p>Regrese a la p\u00e1gina principal:\u00a0<span style=\"color: #ff0000;\"><a style=\"color: #ff0000;\" href=\"https:\/\/universalchurchusa.org\/es\/\"><strong>P\u00e1gina Principal<\/strong><\/a><\/span><\/p>\n","protected":false},"excerpt":{"rendered":"<p>(Parte 1) \u201c\u00a1Ay de vosotros, escribas y fariseos, hip\u00f3critas!, porque pag\u00e1is el diezmo de la menta, del eneldo y del comino, y hab\u00e9is descuidado los preceptos de m\u00e1s peso de la ley: la justicia, la misericordia y la fidelidad; y estas son las cosas que deb\u00edais haber hecho, sin descuidar aquellas.\u201d (Mateo 23:23). Necesitamos comenzar [&hellip;]<\/p>\n","protected":false},"author":243,"featured_media":351329,"comment_status":"open","ping_status":"open","sticky":false,"template":"","format":"standard","meta":{"footnotes":""},"categories":[1],"tags":[],"site":[18871],"class_list":["post-351325","post","type-post","status-publish","format-standard","has-post-thumbnail","hentry","category-sin-categoria","site-noticias-de-la-iglesia"],"amp_enabled":true,"_links":{"self":[{"href":"https:\/\/universalchurchusa.org\/es\/wp-json\/wp\/v2\/posts\/351325","targetHints":{"allow":["GET"]}}],"collection":[{"href":"https:\/\/universalchurchusa.org\/es\/wp-json\/wp\/v2\/posts"}],"about":[{"href":"https:\/\/universalchurchusa.org\/es\/wp-json\/wp\/v2\/types\/post"}],"author":[{"embeddable":true,"href":"https:\/\/universalchurchusa.org\/es\/wp-json\/wp\/v2\/users\/243"}],"replies":[{"embeddable":true,"href":"https:\/\/universalchurchusa.org\/es\/wp-json\/wp\/v2\/comments?post=351325"}],"version-history":[{"count":1,"href":"https:\/\/universalchurchusa.org\/es\/wp-json\/wp\/v2\/posts\/351325\/revisions"}],"predecessor-version":[{"id":351333,"href":"https:\/\/universalchurchusa.org\/es\/wp-json\/wp\/v2\/posts\/351325\/revisions\/351333"}],"wp:featuredmedia":[{"embeddable":true,"href":"https:\/\/universalchurchusa.org\/es\/wp-json\/wp\/v2\/media\/351329"}],"wp:attachment":[{"href":"https:\/\/universalchurchusa.org\/es\/wp-json\/wp\/v2\/media?parent=351325"}],"wp:term":[{"taxonomy":"category","embeddable":true,"href":"https:\/\/universalchurchusa.org\/es\/wp-json\/wp\/v2\/categories?post=351325"},{"taxonomy":"post_tag","embeddable":true,"href":"https:\/\/universalchurchusa.org\/es\/wp-json\/wp\/v2\/tags?post=351325"},{"taxonomy":"site","embeddable":true,"href":"https:\/\/universalchurchusa.org\/es\/wp-json\/wp\/v2\/site?post=351325"}],"curies":[{"name":"wp","href":"https:\/\/api.w.org\/{rel}","templated":true}]}}