{"id":342701,"date":"2021-05-20T15:18:25","date_gmt":"2021-05-20T22:18:25","guid":{"rendered":"https:\/\/wwwhml.universalchurchusa.org\/es\/?p=342701"},"modified":"2021-05-21T12:10:44","modified_gmt":"2021-05-21T19:10:44","slug":"save-a-youth","status":"publish","type":"post","link":"http:\/\/universalchurchusa.org\/es\/noticias\/post\/save-a-youth\/","title":{"rendered":"Save A Youth"},"content":{"rendered":"<p>Cuando una persona toma buenas decisiones, esto le lleva a alcanzar al \u00e9xito. La persona puede disfrutar de una vida feliz y completa. Infelizmente, muchos, principalmente los j\u00f3venes, optan en tomar decisiones equivocadas cuya finalidad es devastadora. La vida de muchos ha sido destruida a consecuencia de las malas decisiones que han sido tomadas. Consecuentemente, un sinn\u00famero de j\u00f3venes vive dominados por los vicios, la depresi\u00f3n, el abuso, las pandillas, el sufrimiento, la derrota y muchos otros problemas. Las malas decisiones han destruidos a futuros profesionales, familias y vidas sin ning\u00fan tipo de misericordia.<\/p>\n<p>Con esto en mente, este pr\u00f3ximo domingo se llevar\u00e1 a cabo el prop\u00f3sito <strong><em>Save a Youth<\/em><\/strong> (salvando a un joven), donde ser\u00e1 realizada una oraci\u00f3n especial por todos los j\u00f3venes. No importa la situaci\u00f3n que est\u00e9 enfrentando, ser\u00e1 realizada esta oraci\u00f3n determinando una restauraci\u00f3n en su vida. Haga la diferencia en la vida de un joven extendi\u00e9ndole una mano amiga para que conozca del poder de Dios y su vida sea transformada.<\/p>\n<p>No falte este domingo a las 9:30am en el <strong>Templo de los Milagros<\/strong>, 625 S Bonnie Brae St, entre la calle Wilshire y 6 en Los \u00c1ngeles, California, o en la Universal m\u00e1s cercana a usted.<\/p>\n<p><span style=\"font-size: 18pt;\"><strong>Acompa\u00f1e la siguiente historia de vida<\/strong><\/span><\/p>\n<p><img loading=\"lazy\" decoding=\"async\" class=\" wp-image-342717 alignleft\" src=\"https:\/\/universalchurchusa.org\/es\/wp-content\/uploads\/sites\/6\/2021\/05\/Screen-Shot-2021-05-20-at-3.16.36-PM-300x168.png\" alt=\"\" width=\"500\" height=\"280\" srcset=\"https:\/\/universalchurchusa.org\/es\/wp-content\/uploads\/sites\/6\/2021\/05\/Screen-Shot-2021-05-20-at-3.16.36-PM-300x168.png 300w, https:\/\/universalchurchusa.org\/es\/wp-content\/uploads\/sites\/6\/2021\/05\/Screen-Shot-2021-05-20-at-3.16.36-PM-1024x572.png 1024w, https:\/\/universalchurchusa.org\/es\/wp-content\/uploads\/sites\/6\/2021\/05\/Screen-Shot-2021-05-20-at-3.16.36-PM-768x429.png 768w, https:\/\/universalchurchusa.org\/es\/wp-content\/uploads\/sites\/6\/2021\/05\/Screen-Shot-2021-05-20-at-3.16.36-PM-1536x858.png 1536w, https:\/\/universalchurchusa.org\/es\/wp-content\/uploads\/sites\/6\/2021\/05\/Screen-Shot-2021-05-20-at-3.16.36-PM-318x178.png 318w, https:\/\/universalchurchusa.org\/es\/wp-content\/uploads\/sites\/6\/2021\/05\/Screen-Shot-2021-05-20-at-3.16.36-PM.png 1920w\" sizes=\"auto, (max-width: 500px) 100vw, 500px\" \/>Desde una temprana edad, Jennifer Mart\u00ednez sufri\u00f3 a causa de los conflictos internos y la inseguridad, que fueron aumentando al ser v\u00edctima del bullying. Ella nos comenta m\u00e1s:<\/p>\n<p>-Desde peque\u00f1a, sufr\u00eda con conflictos internos y me sent\u00eda insegura. Todo esto empeor\u00f3 cuando me torn\u00e9 en v\u00edctima de bullying en la escuela. Al paso del tiempo, esta situaci\u00f3n me torn\u00f3 en una joven agresiva ya que no aceptaba m\u00e1s ser humillada y que me maltrataran.<\/p>\n<p>-Aunque expon\u00eda un comportamiento agresivo, interiormente estaba destrozada y en conflicto. No lograba tener una buena relaci\u00f3n con mis padres y mis hermanas. Le contestaba a mis padres y no lograba comunicarme con ellos. Incluso, ellos evitaban decirme algo ya que no sab\u00edan cual ser\u00eda mi reacci\u00f3n.<\/p>\n<p>-Esta situaci\u00f3n me llev\u00f3 a intentar el suicidio. Llegu\u00e9 a pensar que no le importaba a nadie y que al morir, mis padres sentir\u00edan remordimiento de mi muerte. La vida no ten\u00eda ning\u00fan tipo de sentido y todo empeoraba al paso de los d\u00edas.<\/p>\n<p>-En medio de esta situaci\u00f3n, mis padres me llevaron a participar de los servicios de fe en la Universal. Al participar, comenc\u00e9 a entender que lo que me llevaba a vivir con tanto conflicto interior, depresi\u00f3n y resentimiento. Incluso, una joven del <strong>Youth Power Group<\/strong> (<strong><em>YPG<\/em><\/strong>, en sus siglas en ingl\u00e9s) me apoy\u00f3 orient\u00e1ndome a c\u00f3mo entregar mi vida a Dios. Aunque el cambio no fue f\u00e1cil, me apoyaban para que pudiera salir de la situaci\u00f3n que viv\u00eda.<\/p>\n<p>-Gracias a Dios, fui liberada de toda opresi\u00f3n, depresi\u00f3n y del enojo. Incluso, aprend\u00ed sobre la importancia del Esp\u00edritu Santo y decid\u00ed buscarlo de todo mi coraz\u00f3n. Hoy soy una joven llena del Esp\u00edritu Santo que tiene amor, respeta a sus padres, mantiene una buena relaci\u00f3n con su familia, no tiene pensamientos de suicidio y tiene el deseo de rescatar a otros j\u00f3venes que est\u00e1n sufriendo c\u00f3mo un d\u00eda yo sufr\u00ed.<\/p>\n<p>Ubique la Universal m\u00e1s cercana a usted:\u00a0<span style=\"color: #000080;\"><a style=\"color: #000080;\" href=\"https:\/\/universalchurchusa.org\/es\/direcciones\/\">Direcciones<\/a><\/span><\/p>\n<p>Si usted tiene una pregunta o le gustar\u00eda una orientaci\u00f3n:\u00a0<span style=\"color: #000080;\"><a style=\"color: #000080;\" href=\"https:\/\/universalchurchusa.org\/es\/contactenos\/\">Cont\u00e1ctenos<\/a><\/span><\/p>\n<p>Si le gustar\u00eda a\u00f1adir su nombre y el de su familia en el libro de oraci\u00f3n:\u00a0<a href=\"https:\/\/universalchurchusa.org\/es\/contactenos\/\"><span style=\"color: #000080;\">Libro de Oraci\u00f3n<\/span><\/a><\/p>\n<p>Regrese a la p\u00e1gina principal:\u00a0<span style=\"color: #000080;\"><a style=\"color: #000080;\" href=\"https:\/\/universalchurchusa.org\/es\/\">P\u00e1gina Principal<\/a><\/span><\/p>\n","protected":false},"excerpt":{"rendered":"<p>Cuando una persona toma buenas decisiones, esto le lleva a alcanzar al \u00e9xito. La persona puede disfrutar de una vida feliz y completa. Infelizmente, muchos, principalmente los j\u00f3venes, optan en tomar decisiones equivocadas cuya finalidad es devastadora. La vida de muchos ha sido destruida a consecuencia de las malas decisiones que han sido tomadas. Consecuentemente, [&hellip;]<\/p>\n","protected":false},"author":243,"featured_media":342713,"comment_status":"open","ping_status":"open","sticky":false,"template":"","format":"standard","meta":{"footnotes":""},"categories":[1],"tags":[18960,10308,18552],"site":[18871],"class_list":["post-342701","post","type-post","status-publish","format-standard","has-post-thumbnail","hentry","category-sin-categoria","tag-bendicion","tag-jovenes","tag-vicios","site-noticias-de-la-iglesia"],"amp_enabled":true,"_links":{"self":[{"href":"https:\/\/universalchurchusa.org\/es\/wp-json\/wp\/v2\/posts\/342701","targetHints":{"allow":["GET"]}}],"collection":[{"href":"https:\/\/universalchurchusa.org\/es\/wp-json\/wp\/v2\/posts"}],"about":[{"href":"https:\/\/universalchurchusa.org\/es\/wp-json\/wp\/v2\/types\/post"}],"author":[{"embeddable":true,"href":"https:\/\/universalchurchusa.org\/es\/wp-json\/wp\/v2\/users\/243"}],"replies":[{"embeddable":true,"href":"https:\/\/universalchurchusa.org\/es\/wp-json\/wp\/v2\/comments?post=342701"}],"version-history":[{"count":2,"href":"https:\/\/universalchurchusa.org\/es\/wp-json\/wp\/v2\/posts\/342701\/revisions"}],"predecessor-version":[{"id":342849,"href":"https:\/\/universalchurchusa.org\/es\/wp-json\/wp\/v2\/posts\/342701\/revisions\/342849"}],"wp:featuredmedia":[{"embeddable":true,"href":"https:\/\/universalchurchusa.org\/es\/wp-json\/wp\/v2\/media\/342713"}],"wp:attachment":[{"href":"https:\/\/universalchurchusa.org\/es\/wp-json\/wp\/v2\/media?parent=342701"}],"wp:term":[{"taxonomy":"category","embeddable":true,"href":"https:\/\/universalchurchusa.org\/es\/wp-json\/wp\/v2\/categories?post=342701"},{"taxonomy":"post_tag","embeddable":true,"href":"https:\/\/universalchurchusa.org\/es\/wp-json\/wp\/v2\/tags?post=342701"},{"taxonomy":"site","embeddable":true,"href":"https:\/\/universalchurchusa.org\/es\/wp-json\/wp\/v2\/site?post=342701"}],"curies":[{"name":"wp","href":"https:\/\/api.w.org\/{rel}","templated":true}]}}