{"id":340441,"date":"2021-04-26T08:59:10","date_gmt":"2021-04-26T15:59:10","guid":{"rendered":"https:\/\/wwwhml.universalchurchusa.org\/es\/?p=340441"},"modified":"2021-04-26T08:59:10","modified_gmt":"2021-04-26T15:59:10","slug":"como-un-pastor-hace-crecer-su-ministerio-parte-1","status":"publish","type":"post","link":"http:\/\/universalchurchusa.org\/es\/noticias\/post\/como-un-pastor-hace-crecer-su-ministerio-parte-1\/","title":{"rendered":"C\u00f3mo un pastor hace crecer su ministerio (Parte 1)"},"content":{"rendered":"<p>(Parte 1)<\/p>\n<p>El ministerio del pastor depende de \u00e9l, y no de Dios, pues lo que el Alt\u00edsimo ten\u00eda que hacer ya fue hecho: \u00c9l dio a Su Hijo para que muriera en la cruz y, despu\u00e9s, nos dio Su Propio Esp\u00edritu para que habitara dentro de cada uno de nosotros, con el fin de que seamos Sus testimonios y glorifiquemos Su Nombre en la tierra.<\/p>\n<p>Pero \u00bfacaso usted sabe qu\u00e9 es tener el Esp\u00edritu infinito del Dios Alt\u00edsimo viviendo dentro de su ser? \u00bfY que este Esp\u00edritu no vino por medida, sino de forma plena, exactamente como disfrut\u00f3 de \u00c9l el Se\u00f1or Jes\u00fas, en este mundo? \u00a1Eso es algo demasiado grandioso como para que nos limitemos y sirvamos en Su Obra de manera mediocre!<\/p>\n<p>De ese modo, solo hay un motivo por el cual el pastor no desarrolla su ministerio: no es por incapacidad f\u00edsica o intelectual, sino por falta de santificaci\u00f3n y consideraci\u00f3n para con Dios.<\/p>\n<p>Lo que determina lo que cosechamos, como resultado de nuestro trabajo, depende solamente de nuestra entrega en el Altar. Si es sincera, toda nuestra vida est\u00e1 santificada. En el Altar, no se Le puede mentir a Dios, como muchos le mienten al pueblo, pues all\u00ed la ofrenda de cada uno es pesada y, entonces, aprobada o reprobada por \u00c9l.<\/p>\n<p>Si un pastor sube al Altar con los ojos en el oro \u2013 que puede ser la ofrenda que pretende levantar en aquel culto o el deseo de ser aplaudido \u2013, est\u00e1 designado a sufrir derrota en su ministerio. Ese pastor puede incluso hacer que su trabajo crezca moment\u00e1neamente, pero ese \u00e9xito no viene del Altar, entonces no va a permanecer con \u00e9l.<\/p>\n<p>Una de las caracter\u00edsticas m\u00e1s significativas para m\u00ed para definir si algo realmente viene del Altar es la paz, la honra y la seguridad que tengo cuando soy favorecido con la bendici\u00f3n. Eso me hace estar a\u00fan m\u00e1s comprometido con la voluntad de Dios. Abrazo la fe como una misi\u00f3n, un sacrificio. Por eso, no veo c\u00f3mo tomarme vacaciones de ese prop\u00f3sito. No veo c\u00f3mo tomarme un tiempo y olvidarme del Altar y del compromiso que tengo con el Alt\u00edsimo. Para m\u00ed, \u00a1eso es imposible!<\/p>\n<p>En mi caminata cristiana, que ya dura 54 a\u00f1os, aprend\u00ed que la relaci\u00f3n entre nosotros y Dios debe estar afirmada en la entrega y en la sinceridad. No soy perfecto, pero lucho para que mi vida est\u00e9 todos los d\u00edas 100% en Su Altar. La prioridad de mis pensamientos es servir a Dios 24 horas por d\u00eda. As\u00ed, el d\u00eda en el que no logro servirlo de una forma efectiva, me siento d\u00e9bil.<\/p>\n<p>Delante de esta gran revelaci\u00f3n sobre la importancia del Altar de Dios, no ponga parte de s\u00ed en este lugar santo, pues \u00c9l solo acepta la ofrenda completa, perfecta.<\/p>\n<p>Continuara\u2026<\/p>\n<p>Mensaje substra\u00eddo de:\u00a0<strong>El Oro y el Altar<\/strong>\u00a0(autor: Obispo Edir Macedo)<\/p>\n<p>Si usted tiene una pregunta o le gustar\u00eda una orientaci\u00f3n:\u00a0<a href=\"https:\/\/universalchurchusa.org\/es\/contactenos\/\"><span style=\"color: #000080;\">Cont\u00e1ctenos<\/span><\/a><\/p>\n<p>Si usted le gustar\u00eda a\u00f1adir su nombre y el de su familia en el libro de oraci\u00f3n:\u00a0<a href=\"https:\/\/universalchurchusa.org\/es\/contactenos\/\"><span style=\"color: #000080;\">Libro de Oraci\u00f3n<\/span><\/a><\/p>\n<p>Regrese a la p\u00e1gina principal:\u00a0<span style=\"color: #000080;\"><a style=\"color: #000080;\" href=\"https:\/\/universalchurchusa.org\/es\/\">P\u00e1gina Principal<\/a><\/span><\/p>\n","protected":false},"excerpt":{"rendered":"<p>(Parte 1) El ministerio del pastor depende de \u00e9l, y no de Dios, pues lo que el Alt\u00edsimo ten\u00eda que hacer ya fue hecho: \u00c9l dio a Su Hijo para que muriera en la cruz y, despu\u00e9s, nos dio Su Propio Esp\u00edritu para que habitara dentro de cada uno de nosotros, con el fin de [&hellip;]<\/p>\n","protected":false},"author":243,"featured_media":340445,"comment_status":"open","ping_status":"open","sticky":false,"template":"","format":"standard","meta":{"footnotes":""},"categories":[1],"tags":[],"site":[18871],"class_list":["post-340441","post","type-post","status-publish","format-standard","has-post-thumbnail","hentry","category-sin-categoria","site-noticias-de-la-iglesia"],"amp_enabled":true,"_links":{"self":[{"href":"https:\/\/universalchurchusa.org\/es\/wp-json\/wp\/v2\/posts\/340441","targetHints":{"allow":["GET"]}}],"collection":[{"href":"https:\/\/universalchurchusa.org\/es\/wp-json\/wp\/v2\/posts"}],"about":[{"href":"https:\/\/universalchurchusa.org\/es\/wp-json\/wp\/v2\/types\/post"}],"author":[{"embeddable":true,"href":"https:\/\/universalchurchusa.org\/es\/wp-json\/wp\/v2\/users\/243"}],"replies":[{"embeddable":true,"href":"https:\/\/universalchurchusa.org\/es\/wp-json\/wp\/v2\/comments?post=340441"}],"version-history":[{"count":1,"href":"https:\/\/universalchurchusa.org\/es\/wp-json\/wp\/v2\/posts\/340441\/revisions"}],"predecessor-version":[{"id":340449,"href":"https:\/\/universalchurchusa.org\/es\/wp-json\/wp\/v2\/posts\/340441\/revisions\/340449"}],"wp:featuredmedia":[{"embeddable":true,"href":"https:\/\/universalchurchusa.org\/es\/wp-json\/wp\/v2\/media\/340445"}],"wp:attachment":[{"href":"https:\/\/universalchurchusa.org\/es\/wp-json\/wp\/v2\/media?parent=340441"}],"wp:term":[{"taxonomy":"category","embeddable":true,"href":"https:\/\/universalchurchusa.org\/es\/wp-json\/wp\/v2\/categories?post=340441"},{"taxonomy":"post_tag","embeddable":true,"href":"https:\/\/universalchurchusa.org\/es\/wp-json\/wp\/v2\/tags?post=340441"},{"taxonomy":"site","embeddable":true,"href":"https:\/\/universalchurchusa.org\/es\/wp-json\/wp\/v2\/site?post=340441"}],"curies":[{"name":"wp","href":"https:\/\/api.w.org\/{rel}","templated":true}]}}