{"id":335477,"date":"2021-03-05T10:57:34","date_gmt":"2021-03-05T18:57:34","guid":{"rendered":"https:\/\/wwwhml.universalchurchusa.org\/es\/?p=335477"},"modified":"2021-03-05T10:58:52","modified_gmt":"2021-03-05T18:58:52","slug":"oracion-para-la-proteccion-familiar","status":"publish","type":"post","link":"http:\/\/universalchurchusa.org\/es\/noticias\/post\/oracion-para-la-proteccion-familiar\/","title":{"rendered":"Oraci\u00f3n para la Protecci\u00f3n Familiar"},"content":{"rendered":"<p>Haga esta oraci\u00f3n todo los d\u00edas y participe este domingo en la Concentraci\u00f3n de fe y Milagros en el 625 Sur Bonnie Brae, Los \u00c1ngeles, Ca. O en la Universal m\u00e1s cercana a usted.<\/p>\n<p>Consulte la direcci\u00f3n m\u00e1s cerca a usted: <a href=\"https:\/\/universalchurchusa.org\/es\/direcciones\/\">direcciones<\/a><\/p>\n<p><img loading=\"lazy\" decoding=\"async\" class=\"alignnone wp-image-335485\" src=\"https:\/\/universalchurchusa.org\/es\/wp-content\/uploads\/sites\/6\/2021\/03\/rollooracion-300x232.jpg\" alt=\"rollo de oraci\u00f3n\" width=\"578\" height=\"447\" srcset=\"https:\/\/universalchurchusa.org\/es\/wp-content\/uploads\/sites\/6\/2021\/03\/rollooracion-300x232.jpg 300w, https:\/\/universalchurchusa.org\/es\/wp-content\/uploads\/sites\/6\/2021\/03\/rollooracion-1024x791.jpg 1024w, https:\/\/universalchurchusa.org\/es\/wp-content\/uploads\/sites\/6\/2021\/03\/rollooracion-768x593.jpg 768w, https:\/\/universalchurchusa.org\/es\/wp-content\/uploads\/sites\/6\/2021\/03\/rollooracion.jpg 1398w\" sizes=\"auto, (max-width: 578px) 100vw, 578px\" \/><\/p>\n","protected":false},"excerpt":{"rendered":"<p>Haga esta oraci\u00f3n todo los d\u00edas y participe este domingo en la Concentraci\u00f3n de fe y Milagros en el 625 Sur Bonnie Brae, Los \u00c1ngeles, Ca. O en la Universal m\u00e1s cercana a usted. Consulte la direcci\u00f3n m\u00e1s cerca a usted: direcciones<\/p>\n","protected":false},"author":243,"featured_media":335481,"comment_status":"open","ping_status":"open","sticky":false,"template":"","format":"standard","meta":{"footnotes":""},"categories":[1],"tags":[7736,13133],"site":[18871],"class_list":["post-335477","post","type-post","status-publish","format-standard","has-post-thumbnail","hentry","category-sin-categoria","tag-fe","tag-oracion","site-noticias-de-la-iglesia"],"amp_enabled":true,"_links":{"self":[{"href":"https:\/\/universalchurchusa.org\/es\/wp-json\/wp\/v2\/posts\/335477","targetHints":{"allow":["GET"]}}],"collection":[{"href":"https:\/\/universalchurchusa.org\/es\/wp-json\/wp\/v2\/posts"}],"about":[{"href":"https:\/\/universalchurchusa.org\/es\/wp-json\/wp\/v2\/types\/post"}],"author":[{"embeddable":true,"href":"https:\/\/universalchurchusa.org\/es\/wp-json\/wp\/v2\/users\/243"}],"replies":[{"embeddable":true,"href":"https:\/\/universalchurchusa.org\/es\/wp-json\/wp\/v2\/comments?post=335477"}],"version-history":[{"count":1,"href":"https:\/\/universalchurchusa.org\/es\/wp-json\/wp\/v2\/posts\/335477\/revisions"}],"predecessor-version":[{"id":335489,"href":"https:\/\/universalchurchusa.org\/es\/wp-json\/wp\/v2\/posts\/335477\/revisions\/335489"}],"wp:featuredmedia":[{"embeddable":true,"href":"https:\/\/universalchurchusa.org\/es\/wp-json\/wp\/v2\/media\/335481"}],"wp:attachment":[{"href":"https:\/\/universalchurchusa.org\/es\/wp-json\/wp\/v2\/media?parent=335477"}],"wp:term":[{"taxonomy":"category","embeddable":true,"href":"https:\/\/universalchurchusa.org\/es\/wp-json\/wp\/v2\/categories?post=335477"},{"taxonomy":"post_tag","embeddable":true,"href":"https:\/\/universalchurchusa.org\/es\/wp-json\/wp\/v2\/tags?post=335477"},{"taxonomy":"site","embeddable":true,"href":"https:\/\/universalchurchusa.org\/es\/wp-json\/wp\/v2\/site?post=335477"}],"curies":[{"name":"wp","href":"https:\/\/api.w.org\/{rel}","templated":true}]}}