{"id":332817,"date":"2021-02-04T16:47:37","date_gmt":"2021-02-05T00:47:37","guid":{"rendered":"https:\/\/wwwhml.universalchurchusa.org\/es\/?p=332817"},"modified":"2021-02-04T16:47:37","modified_gmt":"2021-02-05T00:47:37","slug":"las-acciones-sociales-de-la-universal-ayudan-a-las-personas-sin-hogar-en-francia","status":"publish","type":"post","link":"http:\/\/universalchurchusa.org\/es\/noticias\/post\/las-acciones-sociales-de-la-universal-ayudan-a-las-personas-sin-hogar-en-francia\/","title":{"rendered":"Las acciones sociales de la Universal ayudan a las personas sin hogar en Francia"},"content":{"rendered":"<p><img loading=\"lazy\" decoding=\"async\" class=\"size-medium wp-image-332829 alignleft\" src=\"https:\/\/universalchurchusa.org\/es\/wp-content\/uploads\/sites\/6\/2021\/02\/acao-ABC-19-300x157.jpg\" alt=\"\" width=\"300\" height=\"157\" srcset=\"https:\/\/universalchurchusa.org\/es\/wp-content\/uploads\/sites\/6\/2021\/02\/acao-ABC-19-300x157.jpg 300w, https:\/\/universalchurchusa.org\/es\/wp-content\/uploads\/sites\/6\/2021\/02\/acao-ABC-19-1024x537.jpg 1024w, https:\/\/universalchurchusa.org\/es\/wp-content\/uploads\/sites\/6\/2021\/02\/acao-ABC-19-768x402.jpg 768w, https:\/\/universalchurchusa.org\/es\/wp-content\/uploads\/sites\/6\/2021\/02\/acao-ABC-19.jpg 1080w\" sizes=\"auto, (max-width: 300px) 100vw, 300px\" \/>Ciertamente, Francia es una de las potencias mundiales y es conocida como un pa\u00eds rico en cultura e historia. La torre de Eiffel, la pir\u00e1mide del museo de Louvre, los parques y otras atracciones atraen una oleada de turistas. S\u00f3lo en 2018, el territorio franc\u00e9s recibi\u00f3 89.4 millones de visitantes.<\/p>\n<p>&nbsp;<\/p>\n<p>Sin embargo, en la vida cotidiana de la ciudad, lamentablemente, la realidad es mucho m\u00e1s oscura de lo que pensamos. Casi 10 millones de personas viven por debajo del umbral de pobreza en el territorio e, infelizmente, la pandemia de COVID-19 ha agravado la situaci\u00f3n.<\/p>\n<p>Muchos viven en las calles a causa de las drogas, tragedias familiares o son inmigrantes que buscan una mejor vida en<img loading=\"lazy\" decoding=\"async\" class=\"size-medium wp-image-332821 alignright\" src=\"https:\/\/universalchurchusa.org\/es\/wp-content\/uploads\/sites\/6\/2021\/02\/acao-ABC-5-768x576-1-300x225.jpg\" alt=\"\" width=\"300\" height=\"225\" srcset=\"https:\/\/universalchurchusa.org\/es\/wp-content\/uploads\/sites\/6\/2021\/02\/acao-ABC-5-768x576-1-300x225.jpg 300w, https:\/\/universalchurchusa.org\/es\/wp-content\/uploads\/sites\/6\/2021\/02\/acao-ABC-5-768x576-1.jpg 768w\" sizes=\"auto, (max-width: 300px) 100vw, 300px\" \/> Europa. Despreciadas por la mayor\u00eda, estas personas viven sin ninguna esperanza de vida.<\/p>\n<p><strong>La mano amiga <\/strong><\/p>\n<p>Por esta raz\u00f3n, los voluntarios de ABC (grupo de apoyo social de la Universal local) buscan en ser la mano amiga que ayude a esta porci\u00f3n de la poblaci\u00f3n. Toman comida para alimentar el cuerpo y una palabra de fe para alimentar el alma. Recientemente, la asociaci\u00f3n realiz\u00f3 una gran entrega de donaciones de alimentos, productos de higiene personal, m\u00e1scaras protectoras y ropa en todo el pa\u00eds.<\/p>\n<p><img loading=\"lazy\" decoding=\"async\" class=\"size-medium wp-image-332833 alignleft\" src=\"https:\/\/universalchurchusa.org\/es\/wp-content\/uploads\/sites\/6\/2021\/02\/acao-ABC-2-768x576-1-300x225.jpg\" alt=\"\" width=\"300\" height=\"225\" srcset=\"https:\/\/universalchurchusa.org\/es\/wp-content\/uploads\/sites\/6\/2021\/02\/acao-ABC-2-768x576-1-300x225.jpg 300w, https:\/\/universalchurchusa.org\/es\/wp-content\/uploads\/sites\/6\/2021\/02\/acao-ABC-2-768x576-1.jpg 768w\" sizes=\"auto, (max-width: 300px) 100vw, 300px\" \/>\u201cPersonas de varias ciudades recibieron nuestra ayuda. Varias ocasiones, esta es la \u00fanica comida del d\u00eda, incluso de la semana para estas personas. Los voluntarios unieron sus fuerzas para distribuir los alimentos y las donaciones y tambi\u00e9n una palabra de fe y motivaci\u00f3n. Creemos en esta misi\u00f3n que Dios nos dio, cuando hacemos el bien a los dem\u00e1s, Le agradamos\u201d, coment\u00f3 pastor Alfredo Neves, responsable de la obra social en Francia.<\/p>\n<p>Si usted tiene una pregunta o le gustar\u00eda una orientaci\u00f3n:\u00a0<span style=\"color: #ff6600;\"><a style=\"color: #ff6600;\" href=\"https:\/\/universalchurchusa.org\/es\/contactenos\/\">Cont\u00e1ctenos<\/a><\/span><\/p>\n<p>Si le gustar\u00eda a\u00f1adir su nombre y el de su familia en el libro de oraci\u00f3n:\u00a0<span style=\"color: #ff6600;\"><a style=\"color: #ff6600;\" href=\"https:\/\/universalchurchusa.org\/es\/contactenos\/\">Libro de Oraci\u00f3n<\/a><\/span><\/p>\n<p>Regrese a la p\u00e1gina principal:\u00a0<span style=\"color: #ff6600;\"><a style=\"color: #ff6600;\" href=\"https:\/\/universalchurchusa.org\/es\/\">P\u00e1gina Principal<\/a><\/span><\/p>\n","protected":false},"excerpt":{"rendered":"<p>Ciertamente, Francia es una de las potencias mundiales y es conocida como un pa\u00eds rico en cultura e historia. La torre de Eiffel, la pir\u00e1mide del museo de Louvre, los parques y otras atracciones atraen una oleada de turistas. S\u00f3lo en 2018, el territorio franc\u00e9s recibi\u00f3 89.4 millones de visitantes. &nbsp; Sin embargo, en la [&hellip;]<\/p>\n","protected":false},"author":243,"featured_media":332825,"comment_status":"open","ping_status":"open","sticky":false,"template":"","format":"standard","meta":{"footnotes":""},"categories":[1],"tags":[],"site":[18871],"class_list":["post-332817","post","type-post","status-publish","format-standard","has-post-thumbnail","hentry","category-sin-categoria","site-noticias-de-la-iglesia"],"amp_enabled":true,"_links":{"self":[{"href":"https:\/\/universalchurchusa.org\/es\/wp-json\/wp\/v2\/posts\/332817","targetHints":{"allow":["GET"]}}],"collection":[{"href":"https:\/\/universalchurchusa.org\/es\/wp-json\/wp\/v2\/posts"}],"about":[{"href":"https:\/\/universalchurchusa.org\/es\/wp-json\/wp\/v2\/types\/post"}],"author":[{"embeddable":true,"href":"https:\/\/universalchurchusa.org\/es\/wp-json\/wp\/v2\/users\/243"}],"replies":[{"embeddable":true,"href":"https:\/\/universalchurchusa.org\/es\/wp-json\/wp\/v2\/comments?post=332817"}],"version-history":[{"count":1,"href":"https:\/\/universalchurchusa.org\/es\/wp-json\/wp\/v2\/posts\/332817\/revisions"}],"predecessor-version":[{"id":332837,"href":"https:\/\/universalchurchusa.org\/es\/wp-json\/wp\/v2\/posts\/332817\/revisions\/332837"}],"wp:featuredmedia":[{"embeddable":true,"href":"https:\/\/universalchurchusa.org\/es\/wp-json\/wp\/v2\/media\/332825"}],"wp:attachment":[{"href":"https:\/\/universalchurchusa.org\/es\/wp-json\/wp\/v2\/media?parent=332817"}],"wp:term":[{"taxonomy":"category","embeddable":true,"href":"https:\/\/universalchurchusa.org\/es\/wp-json\/wp\/v2\/categories?post=332817"},{"taxonomy":"post_tag","embeddable":true,"href":"https:\/\/universalchurchusa.org\/es\/wp-json\/wp\/v2\/tags?post=332817"},{"taxonomy":"site","embeddable":true,"href":"https:\/\/universalchurchusa.org\/es\/wp-json\/wp\/v2\/site?post=332817"}],"curies":[{"name":"wp","href":"https:\/\/api.w.org\/{rel}","templated":true}]}}