{"id":331065,"date":"2021-01-19T11:54:24","date_gmt":"2021-01-19T19:54:24","guid":{"rendered":"https:\/\/wwwhml.universalchurchusa.org\/es\/?p=331065"},"modified":"2021-01-19T11:54:24","modified_gmt":"2021-01-19T19:54:24","slug":"la-relacion-con-dios","status":"publish","type":"post","link":"http:\/\/universalchurchusa.org\/es\/noticias\/post\/la-relacion-con-dios\/","title":{"rendered":"La relaci\u00f3n con Dios"},"content":{"rendered":"<p>No podemos relacionarnos con Dios sin prestarle el respeto y la honra que son debidos a Su Sant\u00edsimo Nombre. De ese modo, aquel que reconoce Su justicia, grandeza y majestad teme y tiembla delante de Su gloriosa presencia.<\/p>\n<p>Si tenemos referencias de varios hombres santos del pasado que Lo reverenciaban porque tem\u00edan a Su Palabra, tenemos tambi\u00e9n en las Escrituras ejemplos de personas que despreciaron Su Nombre y Su Altar.<\/p>\n<p>En el libro de Malaqu\u00edas, se muestra que Dios Se indign\u00f3 contra los sacerdotes que ofrec\u00edan animales defectuosos en el Altar, pues no Lo consideraban ni como Padre ni como Se\u00f1or. Ellos ten\u00edan animales sanos para sacrificar, pero llevaban al Templo los que ya no serv\u00edan.<\/p>\n<p>\u00bfUsted aceptar\u00eda eso si estuviese en el lugar de Dios? \u00a1Claro que no! Ninguno de nosotros lo aceptar\u00eda.<\/p>\n<p><strong><em>\u201cEl hijo honra a su padre, y el siervo a su se\u00f1or. Pues si Yo Soy Padre, \u00bfd\u00f3nde est\u00e1 Mi honor? Y si Yo Soy Se\u00f1or, \u00bfd\u00f3nde est\u00e1 Mi temor? \u2013dice el SE\u00d1OR de los Ej\u00e9rcitos a vosotros sacerdotes que menospreci\u00e1is Mi Nombre\u2013. Pero vosotros dec\u00eds: \u00bfEn qu\u00e9 hemos menospreciado Tu Nombre?\u201d<\/em><\/strong> (Malaqu\u00edas 1:6)<\/p>\n<p>En ese vers\u00edculo, el Alt\u00edsimo menciona dos tipos de relaci\u00f3n humana: entre hijo y padre, y entre siervo y se\u00f1or. En general, en la primera, hay, por parte del hijo, obediencia a su padre y consideraci\u00f3n por las ense\u00f1anzas, por reconocer la autoridad de este. Eso es natural, pues viene del propio instinto humano. Y, en la segunda relaci\u00f3n, el siervo tiene respeto por su se\u00f1or y se pone bajo sus \u00f3rdenes. As\u00ed, tanto el hijo como el siervo desarrollan gratitud y buscan medios para honrar a su padre\/ su se\u00f1or.<\/p>\n<p>En contrapartida, cuando los sacerdotes se rehusaban a darle a Dios aquello que era Su derecho, dejaban bien evidente lo corrompidos que estaban en la fe y lo indiferentes que eran para con el oficio sagrado.<\/p>\n<p>El Alt\u00edsimo hab\u00eda hecho, por medio de Abraham, de Isaac y de Jacob, una naci\u00f3n distinta. Le hab\u00eda ofrecido una tierra especial y hab\u00eda dado Sus santas leyes para conducir a Su pueblo. Pero la naci\u00f3n y sus l\u00edderes espirituales respondieron a esas d\u00e1divas con ingratitud y desprecio.<br \/>\nDespreciar al Nombre de Dios es lo mismo que rechazar Su autoridad y no darle importancia a Su Persona y a Su car\u00e1cter.<\/p>\n<p>Mensaje substra\u00eddo de:\u00a0<strong>El Oro y el Altar<\/strong>\u00a0(autor: Obispo Edir Macedo)<\/p>\n<p>Si usted tiene una pregunta o le gustar\u00eda una orientaci\u00f3n:\u00a0<span style=\"color: #008080;\"><a style=\"color: #008080;\" href=\"https:\/\/universalchurchusa.org\/es\/contactenos\/\">Cont\u00e1ctenos<\/a><\/span><\/p>\n<p>Si usted le gustar\u00eda a\u00f1adir su nombre y el de su familia en el libro de oraci\u00f3n:\u00a0<span style=\"color: #008080;\"><a style=\"color: #008080;\" href=\"https:\/\/universalchurchusa.org\/es\/contactenos\/\">Libro de Oraci\u00f3n<\/a><\/span><\/p>\n<p>Regrese a la p\u00e1gina principal:\u00a0<span style=\"color: #008080;\"><a style=\"color: #008080;\" href=\"https:\/\/universalchurchusa.org\/es\/\">P\u00e1gina Principal<\/a><\/span><\/p>\n","protected":false},"excerpt":{"rendered":"<p>No podemos relacionarnos con Dios sin prestarle el respeto y la honra que son debidos a Su Sant\u00edsimo Nombre. De ese modo, aquel que reconoce Su justicia, grandeza y majestad teme y tiembla delante de Su gloriosa presencia. Si tenemos referencias de varios hombres santos del pasado que Lo reverenciaban porque tem\u00edan a Su Palabra, [&hellip;]<\/p>\n","protected":false},"author":243,"featured_media":331141,"comment_status":"open","ping_status":"open","sticky":false,"template":"","format":"standard","meta":{"footnotes":""},"categories":[1],"tags":[],"site":[18871],"class_list":["post-331065","post","type-post","status-publish","format-standard","has-post-thumbnail","hentry","category-sin-categoria","site-noticias-de-la-iglesia"],"amp_enabled":true,"_links":{"self":[{"href":"https:\/\/universalchurchusa.org\/es\/wp-json\/wp\/v2\/posts\/331065","targetHints":{"allow":["GET"]}}],"collection":[{"href":"https:\/\/universalchurchusa.org\/es\/wp-json\/wp\/v2\/posts"}],"about":[{"href":"https:\/\/universalchurchusa.org\/es\/wp-json\/wp\/v2\/types\/post"}],"author":[{"embeddable":true,"href":"https:\/\/universalchurchusa.org\/es\/wp-json\/wp\/v2\/users\/243"}],"replies":[{"embeddable":true,"href":"https:\/\/universalchurchusa.org\/es\/wp-json\/wp\/v2\/comments?post=331065"}],"version-history":[{"count":1,"href":"https:\/\/universalchurchusa.org\/es\/wp-json\/wp\/v2\/posts\/331065\/revisions"}],"predecessor-version":[{"id":331145,"href":"https:\/\/universalchurchusa.org\/es\/wp-json\/wp\/v2\/posts\/331065\/revisions\/331145"}],"wp:featuredmedia":[{"embeddable":true,"href":"https:\/\/universalchurchusa.org\/es\/wp-json\/wp\/v2\/media\/331141"}],"wp:attachment":[{"href":"https:\/\/universalchurchusa.org\/es\/wp-json\/wp\/v2\/media?parent=331065"}],"wp:term":[{"taxonomy":"category","embeddable":true,"href":"https:\/\/universalchurchusa.org\/es\/wp-json\/wp\/v2\/categories?post=331065"},{"taxonomy":"post_tag","embeddable":true,"href":"https:\/\/universalchurchusa.org\/es\/wp-json\/wp\/v2\/tags?post=331065"},{"taxonomy":"site","embeddable":true,"href":"https:\/\/universalchurchusa.org\/es\/wp-json\/wp\/v2\/site?post=331065"}],"curies":[{"name":"wp","href":"https:\/\/api.w.org\/{rel}","templated":true}]}}